{"id":34139,"date":"2022-09-14T16:37:55","date_gmt":"2022-09-14T19:37:55","guid":{"rendered":"https:\/\/www.uninter.com\/radio\/?p=34139"},"modified":"2022-09-14T16:37:56","modified_gmt":"2022-09-14T19:37:56","slug":"conheca-seu-direito-protecao-de-dados-e-privacidade-como-direito-fundamental","status":"publish","type":"post","link":"https:\/\/www.uninter.com\/radio\/conheca-seu-direito-protecao-de-dados-e-privacidade-como-direito-fundamental","title":{"rendered":"Conhe\u00e7a seu Direito | Prote\u00e7\u00e3o de Dados e Privacidade como Direito Fundamental"},"content":{"rendered":"\n<figure class=\"wp-block-audio\"><audio controls src=\"https:\/\/www.uninter.com\/radio\/wp-content\/uploads\/2022\/09\/conheca-seu-direito-05-09-2022-online-audio-converter.com_.mp3\"><\/audio><\/figure>\n\n\n\n<p>Na edi\u00e7\u00e3o de setembro do Conhe\u00e7a seu Direito, vamos conversar sobre a import\u00e2ncia da inclus\u00e3o da prote\u00e7\u00e3o de dados como um direito fundamental, mormente diante das in\u00fameras inova\u00e7\u00f5es tecnol\u00f3gicas experimentadas nos \u00faltimos anos. <\/p>\n\n\n\n<p>Para o bate-papo, os professores Silvano Alcantara, Jennifer Manfrin e Priscilla Bortolotto Ribeiro recebem o advogado e professor, Andr\u00e9 Tesser.<\/p>\n","protected":false},"excerpt":{"rendered":"<p>Na edi\u00e7\u00e3o de setembro do Conhe\u00e7a seu Direito, vamos conversar sobre a import\u00e2ncia da inclus\u00e3o&#8230;<\/p>\n","protected":false},"author":3,"featured_media":33660,"comment_status":"open","ping_status":"open","sticky":false,"template":"","format":"standard","meta":[],"categories":[2703],"tags":[],"_links":{"self":[{"href":"https:\/\/www.uninter.com\/radio\/wp-json\/wp\/v2\/posts\/34139"}],"collection":[{"href":"https:\/\/www.uninter.com\/radio\/wp-json\/wp\/v2\/posts"}],"about":[{"href":"https:\/\/www.uninter.com\/radio\/wp-json\/wp\/v2\/types\/post"}],"author":[{"embeddable":true,"href":"https:\/\/www.uninter.com\/radio\/wp-json\/wp\/v2\/users\/3"}],"replies":[{"embeddable":true,"href":"https:\/\/www.uninter.com\/radio\/wp-json\/wp\/v2\/comments?post=34139"}],"version-history":[{"count":1,"href":"https:\/\/www.uninter.com\/radio\/wp-json\/wp\/v2\/posts\/34139\/revisions"}],"predecessor-version":[{"id":34141,"href":"https:\/\/www.uninter.com\/radio\/wp-json\/wp\/v2\/posts\/34139\/revisions\/34141"}],"wp:featuredmedia":[{"embeddable":true,"href":"https:\/\/www.uninter.com\/radio\/wp-json\/wp\/v2\/media\/33660"}],"wp:attachment":[{"href":"https:\/\/www.uninter.com\/radio\/wp-json\/wp\/v2\/media?parent=34139"}],"wp:term":[{"taxonomy":"category","embeddable":true,"href":"https:\/\/www.uninter.com\/radio\/wp-json\/wp\/v2\/categories?post=34139"},{"taxonomy":"post_tag","embeddable":true,"href":"https:\/\/www.uninter.com\/radio\/wp-json\/wp\/v2\/tags?post=34139"}],"curies":[{"name":"wp","href":"https:\/\/api.w.org\/{rel}","templated":true}]}}