{"id":34117,"date":"2022-09-06T09:46:59","date_gmt":"2022-09-06T12:46:59","guid":{"rendered":"https:\/\/www.uninter.com\/radio\/?p=34117"},"modified":"2022-09-06T09:47:43","modified_gmt":"2022-09-06T12:47:43","slug":"sua-carreira-a-importancia-do-estagio-na-formacao-do-assistente-social","status":"publish","type":"post","link":"https:\/\/www.uninter.com\/radio\/sua-carreira-a-importancia-do-estagio-na-formacao-do-assistente-social","title":{"rendered":"Sua Carreira | A import\u00e2ncia do est\u00e1gio na forma\u00e7\u00e3o do assistente social"},"content":{"rendered":"\n<figure class=\"wp-block-audio\"><audio controls src=\"blob:https:\/\/www.uninter.com\/503f0fa0-9577-44b0-bf06-107eb7d2166e\"><\/audio><\/figure>\n\n\n\n<p>O Sua Carreira apresenta a \u00e1rea de atua\u00e7\u00e3o do assistente social e a import\u00e2ncia do est\u00e1gio como forma de profissionaliza\u00e7\u00e3o e aprendizado. <\/p>\n\n\n\n<p>Evandro Tosin recebe a coordenadora do curso de Servi\u00e7o Social da Uninter Adriane Baglioli para a conversa. Adriane tamb\u00e9m \u00e9 assistente social, autora da obra intitulada como &#8220;Est\u00e1gio supervisionado na forma\u00e7\u00e3o do assistente social&#8221; pela Editora Intersaberes em parceria com Sandra Aparecida da Silva Santos.<\/p>\n","protected":false},"excerpt":{"rendered":"<p>O Sua Carreira apresenta a \u00e1rea de atua\u00e7\u00e3o do assistente social e a import\u00e2ncia do&#8230;<\/p>\n","protected":false},"author":3,"featured_media":31092,"comment_status":"open","ping_status":"open","sticky":false,"template":"","format":"standard","meta":[],"categories":[2711],"tags":[],"_links":{"self":[{"href":"https:\/\/www.uninter.com\/radio\/wp-json\/wp\/v2\/posts\/34117"}],"collection":[{"href":"https:\/\/www.uninter.com\/radio\/wp-json\/wp\/v2\/posts"}],"about":[{"href":"https:\/\/www.uninter.com\/radio\/wp-json\/wp\/v2\/types\/post"}],"author":[{"embeddable":true,"href":"https:\/\/www.uninter.com\/radio\/wp-json\/wp\/v2\/users\/3"}],"replies":[{"embeddable":true,"href":"https:\/\/www.uninter.com\/radio\/wp-json\/wp\/v2\/comments?post=34117"}],"version-history":[{"count":2,"href":"https:\/\/www.uninter.com\/radio\/wp-json\/wp\/v2\/posts\/34117\/revisions"}],"predecessor-version":[{"id":34120,"href":"https:\/\/www.uninter.com\/radio\/wp-json\/wp\/v2\/posts\/34117\/revisions\/34120"}],"wp:featuredmedia":[{"embeddable":true,"href":"https:\/\/www.uninter.com\/radio\/wp-json\/wp\/v2\/media\/31092"}],"wp:attachment":[{"href":"https:\/\/www.uninter.com\/radio\/wp-json\/wp\/v2\/media?parent=34117"}],"wp:term":[{"taxonomy":"category","embeddable":true,"href":"https:\/\/www.uninter.com\/radio\/wp-json\/wp\/v2\/categories?post=34117"},{"taxonomy":"post_tag","embeddable":true,"href":"https:\/\/www.uninter.com\/radio\/wp-json\/wp\/v2\/tags?post=34117"}],"curies":[{"name":"wp","href":"https:\/\/api.w.org\/{rel}","templated":true}]}}