{"id":34110,"date":"2022-09-06T09:33:23","date_gmt":"2022-09-06T12:33:23","guid":{"rendered":"https:\/\/www.uninter.com\/radio\/?p=34110"},"modified":"2022-09-06T09:33:24","modified_gmt":"2022-09-06T12:33:24","slug":"diversos-da-pos-dia-da-alfabetizacao-da-decodificacao-a-plena-interpretacao","status":"publish","type":"post","link":"https:\/\/www.uninter.com\/radio\/diversos-da-pos-dia-da-alfabetizacao-da-decodificacao-a-plena-interpretacao","title":{"rendered":"Diversos da P\u00f3s | Dia da Alfabetiza\u00e7\u00e3o: da decodifica\u00e7\u00e3o \u00e0 plena interpreta\u00e7\u00e3o"},"content":{"rendered":"\n<figure class=\"wp-block-audio\"><audio controls src=\"https:\/\/www.uninter.com\/radio\/wp-content\/uploads\/2022\/09\/diversos-da-pos-01-09.mp3\"><\/audio><\/figure>\n\n\n\n<p>O Dia da Alfabetiza\u00e7\u00e3o \u00e9 comemorado em 9 de setembro, e o Diversos da P\u00f3s apresenta os processos de aprendizado. <\/p>\n\n\n\n<p>A professora Pricila de Souza recebe as especialistas Viviane Melo e Andressa Mu\u00f1oz para discuss\u00e3o do tema.<\/p>\n","protected":false},"excerpt":{"rendered":"<p>O Dia da Alfabetiza\u00e7\u00e3o \u00e9 comemorado em 9 de setembro, e o Diversos da P\u00f3s&#8230;<\/p>\n","protected":false},"author":3,"featured_media":31180,"comment_status":"open","ping_status":"open","sticky":false,"template":"","format":"standard","meta":[],"categories":[2704],"tags":[],"_links":{"self":[{"href":"https:\/\/www.uninter.com\/radio\/wp-json\/wp\/v2\/posts\/34110"}],"collection":[{"href":"https:\/\/www.uninter.com\/radio\/wp-json\/wp\/v2\/posts"}],"about":[{"href":"https:\/\/www.uninter.com\/radio\/wp-json\/wp\/v2\/types\/post"}],"author":[{"embeddable":true,"href":"https:\/\/www.uninter.com\/radio\/wp-json\/wp\/v2\/users\/3"}],"replies":[{"embeddable":true,"href":"https:\/\/www.uninter.com\/radio\/wp-json\/wp\/v2\/comments?post=34110"}],"version-history":[{"count":1,"href":"https:\/\/www.uninter.com\/radio\/wp-json\/wp\/v2\/posts\/34110\/revisions"}],"predecessor-version":[{"id":34112,"href":"https:\/\/www.uninter.com\/radio\/wp-json\/wp\/v2\/posts\/34110\/revisions\/34112"}],"wp:featuredmedia":[{"embeddable":true,"href":"https:\/\/www.uninter.com\/radio\/wp-json\/wp\/v2\/media\/31180"}],"wp:attachment":[{"href":"https:\/\/www.uninter.com\/radio\/wp-json\/wp\/v2\/media?parent=34110"}],"wp:term":[{"taxonomy":"category","embeddable":true,"href":"https:\/\/www.uninter.com\/radio\/wp-json\/wp\/v2\/categories?post=34110"},{"taxonomy":"post_tag","embeddable":true,"href":"https:\/\/www.uninter.com\/radio\/wp-json\/wp\/v2\/tags?post=34110"}],"curies":[{"name":"wp","href":"https:\/\/api.w.org\/{rel}","templated":true}]}}