{"id":34103,"date":"2022-09-06T09:18:38","date_gmt":"2022-09-06T12:18:38","guid":{"rendered":"https:\/\/www.uninter.com\/radio\/?p=34103"},"modified":"2022-09-06T09:18:39","modified_gmt":"2022-09-06T12:18:39","slug":"cafe-e-conhecimento-o-que-e-a-seguranca-privada","status":"publish","type":"post","link":"https:\/\/www.uninter.com\/radio\/cafe-e-conhecimento-o-que-e-a-seguranca-privada","title":{"rendered":"Caf\u00e9 e Conhecimento\u00a0| O que \u00e9 a Seguran\u00e7a Privada?"},"content":{"rendered":"\n<figure class=\"wp-block-audio\"><audio controls src=\"https:\/\/www.uninter.com\/radio\/wp-content\/uploads\/2022\/09\/cafe-e-conhecimento-31-08-2022.mp3\"><\/audio><\/figure>\n\n\n\n<p>Essa semana o programa Caf\u00e9 e Conhecimento fala sobre Seguran\u00e7a Privada e te explica tudo sobre essa \u00e1rea. <\/p>\n\n\n\n<p>Para isso, Daniele Farinhas recebe a professora do curso de gest\u00e3o em seguran\u00e7a privada e do curso de seguran\u00e7a p\u00fablica, Tatiana Wagner.<\/p>\n","protected":false},"excerpt":{"rendered":"<p>Essa semana o programa Caf\u00e9 e Conhecimento fala sobre Seguran\u00e7a Privada e te explica tudo&#8230;<\/p>\n","protected":false},"author":3,"featured_media":33850,"comment_status":"open","ping_status":"open","sticky":false,"template":"","format":"standard","meta":[],"categories":[2839],"tags":[],"_links":{"self":[{"href":"https:\/\/www.uninter.com\/radio\/wp-json\/wp\/v2\/posts\/34103"}],"collection":[{"href":"https:\/\/www.uninter.com\/radio\/wp-json\/wp\/v2\/posts"}],"about":[{"href":"https:\/\/www.uninter.com\/radio\/wp-json\/wp\/v2\/types\/post"}],"author":[{"embeddable":true,"href":"https:\/\/www.uninter.com\/radio\/wp-json\/wp\/v2\/users\/3"}],"replies":[{"embeddable":true,"href":"https:\/\/www.uninter.com\/radio\/wp-json\/wp\/v2\/comments?post=34103"}],"version-history":[{"count":1,"href":"https:\/\/www.uninter.com\/radio\/wp-json\/wp\/v2\/posts\/34103\/revisions"}],"predecessor-version":[{"id":34105,"href":"https:\/\/www.uninter.com\/radio\/wp-json\/wp\/v2\/posts\/34103\/revisions\/34105"}],"wp:featuredmedia":[{"embeddable":true,"href":"https:\/\/www.uninter.com\/radio\/wp-json\/wp\/v2\/media\/33850"}],"wp:attachment":[{"href":"https:\/\/www.uninter.com\/radio\/wp-json\/wp\/v2\/media?parent=34103"}],"wp:term":[{"taxonomy":"category","embeddable":true,"href":"https:\/\/www.uninter.com\/radio\/wp-json\/wp\/v2\/categories?post=34103"},{"taxonomy":"post_tag","embeddable":true,"href":"https:\/\/www.uninter.com\/radio\/wp-json\/wp\/v2\/tags?post=34103"}],"curies":[{"name":"wp","href":"https:\/\/api.w.org\/{rel}","templated":true}]}}