{"id":34100,"date":"2022-09-06T09:14:52","date_gmt":"2022-09-06T12:14:52","guid":{"rendered":"https:\/\/www.uninter.com\/radio\/?p=34100"},"modified":"2022-09-06T09:14:54","modified_gmt":"2022-09-06T12:14:54","slug":"atualidades-da-educacao-5g-consequencias-praticas","status":"publish","type":"post","link":"https:\/\/www.uninter.com\/radio\/atualidades-da-educacao-5g-consequencias-praticas","title":{"rendered":"Atualidades da Educa\u00e7\u00e3o | 5G &#8211; consequ\u00eancias pr\u00e1ticas"},"content":{"rendered":"\n<figure class=\"wp-block-audio\"><audio controls src=\"https:\/\/www.uninter.com\/radio\/wp-content\/uploads\/2022\/09\/atualidades-da-educacao-31-08.mp3\"><\/audio><\/figure>\n\n\n\n<p>O 5G j\u00e1 faz parte de v\u00e1rias cidades do Brasil, e nesta edi\u00e7\u00e3o do Atualidades da Educa\u00e7\u00e3o, vamos falar sobre as suas consequ\u00eancias pr\u00e1ticas.<\/p>\n\n\n\n<p>Para a conversa, Alvino Moser recebe os professores Andr\u00e9 Guerra e Armando Kolbe Junior.<\/p>\n","protected":false},"excerpt":{"rendered":"<p>O 5G j\u00e1 faz parte de v\u00e1rias cidades do Brasil, e nesta edi\u00e7\u00e3o do Atualidades&#8230;<\/p>\n","protected":false},"author":3,"featured_media":33674,"comment_status":"open","ping_status":"open","sticky":false,"template":"","format":"standard","meta":[],"categories":[2760],"tags":[],"_links":{"self":[{"href":"https:\/\/www.uninter.com\/radio\/wp-json\/wp\/v2\/posts\/34100"}],"collection":[{"href":"https:\/\/www.uninter.com\/radio\/wp-json\/wp\/v2\/posts"}],"about":[{"href":"https:\/\/www.uninter.com\/radio\/wp-json\/wp\/v2\/types\/post"}],"author":[{"embeddable":true,"href":"https:\/\/www.uninter.com\/radio\/wp-json\/wp\/v2\/users\/3"}],"replies":[{"embeddable":true,"href":"https:\/\/www.uninter.com\/radio\/wp-json\/wp\/v2\/comments?post=34100"}],"version-history":[{"count":1,"href":"https:\/\/www.uninter.com\/radio\/wp-json\/wp\/v2\/posts\/34100\/revisions"}],"predecessor-version":[{"id":34102,"href":"https:\/\/www.uninter.com\/radio\/wp-json\/wp\/v2\/posts\/34100\/revisions\/34102"}],"wp:featuredmedia":[{"embeddable":true,"href":"https:\/\/www.uninter.com\/radio\/wp-json\/wp\/v2\/media\/33674"}],"wp:attachment":[{"href":"https:\/\/www.uninter.com\/radio\/wp-json\/wp\/v2\/media?parent=34100"}],"wp:term":[{"taxonomy":"category","embeddable":true,"href":"https:\/\/www.uninter.com\/radio\/wp-json\/wp\/v2\/categories?post=34100"},{"taxonomy":"post_tag","embeddable":true,"href":"https:\/\/www.uninter.com\/radio\/wp-json\/wp\/v2\/tags?post=34100"}],"curies":[{"name":"wp","href":"https:\/\/api.w.org\/{rel}","templated":true}]}}