{"id":34061,"date":"2022-08-31T16:33:02","date_gmt":"2022-08-31T19:33:02","guid":{"rendered":"https:\/\/www.uninter.com\/radio\/?p=34061"},"modified":"2022-08-31T16:57:17","modified_gmt":"2022-08-31T19:57:17","slug":"transito-e-mobilidade-o-atual-cenario-da-formacao-de-condutores-sob-a-visao-pedagogica","status":"publish","type":"post","link":"https:\/\/www.uninter.com\/radio\/transito-e-mobilidade-o-atual-cenario-da-formacao-de-condutores-sob-a-visao-pedagogica","title":{"rendered":"Tr\u00e2nsito e Mobilidade | O atual cen\u00e1rio da forma\u00e7\u00e3o de condutores sob a vis\u00e3o pedag\u00f3gica"},"content":{"rendered":"\n<figure class=\"wp-block-audio\"><audio controls src=\"https:\/\/www.uninter.com\/radio\/wp-content\/uploads\/2022\/08\/transito-e-mobilidade-26-08-2022.mp3\"><\/audio><\/figure>\n\n\n\n<p>A R\u00e1dio Uninter exibe edi\u00e7\u00e3o especial do programa Tr\u00e2nsito e Mobilidade para falar sobre o atual cen\u00e1rio da forma\u00e7\u00e3o de condutores sob a vis\u00e3o pedag\u00f3gica.\u00a0<\/p>\n\n\n\n<p>Para a conversa, recebemos os professores Gerson Buczenko e Valdilson Lopes, e tamb\u00e9m o especialista em tr\u00e2nsito, Eduardo Cadore.<\/p>\n","protected":false},"excerpt":{"rendered":"<p>A R\u00e1dio Uninter exibe edi\u00e7\u00e3o especial do programa Tr\u00e2nsito e Mobilidade para falar sobre o&#8230;<\/p>\n","protected":false},"author":3,"featured_media":33729,"comment_status":"open","ping_status":"open","sticky":false,"template":"","format":"standard","meta":[],"categories":[2718],"tags":[],"_links":{"self":[{"href":"https:\/\/www.uninter.com\/radio\/wp-json\/wp\/v2\/posts\/34061"}],"collection":[{"href":"https:\/\/www.uninter.com\/radio\/wp-json\/wp\/v2\/posts"}],"about":[{"href":"https:\/\/www.uninter.com\/radio\/wp-json\/wp\/v2\/types\/post"}],"author":[{"embeddable":true,"href":"https:\/\/www.uninter.com\/radio\/wp-json\/wp\/v2\/users\/3"}],"replies":[{"embeddable":true,"href":"https:\/\/www.uninter.com\/radio\/wp-json\/wp\/v2\/comments?post=34061"}],"version-history":[{"count":4,"href":"https:\/\/www.uninter.com\/radio\/wp-json\/wp\/v2\/posts\/34061\/revisions"}],"predecessor-version":[{"id":34069,"href":"https:\/\/www.uninter.com\/radio\/wp-json\/wp\/v2\/posts\/34061\/revisions\/34069"}],"wp:featuredmedia":[{"embeddable":true,"href":"https:\/\/www.uninter.com\/radio\/wp-json\/wp\/v2\/media\/33729"}],"wp:attachment":[{"href":"https:\/\/www.uninter.com\/radio\/wp-json\/wp\/v2\/media?parent=34061"}],"wp:term":[{"taxonomy":"category","embeddable":true,"href":"https:\/\/www.uninter.com\/radio\/wp-json\/wp\/v2\/categories?post=34061"},{"taxonomy":"post_tag","embeddable":true,"href":"https:\/\/www.uninter.com\/radio\/wp-json\/wp\/v2\/tags?post=34061"}],"curies":[{"name":"wp","href":"https:\/\/api.w.org\/{rel}","templated":true}]}}