{"id":34039,"date":"2022-08-31T15:49:58","date_gmt":"2022-08-31T18:49:58","guid":{"rendered":"https:\/\/www.uninter.com\/radio\/?p=34039"},"modified":"2022-08-31T15:53:59","modified_gmt":"2022-08-31T18:53:59","slug":"chave-interdisciplinar-interculturalidade-e-ensino-de-lingua-estrangeira","status":"publish","type":"post","link":"https:\/\/www.uninter.com\/radio\/chave-interdisciplinar-interculturalidade-e-ensino-de-lingua-estrangeira","title":{"rendered":"Chave Interdisciplinar | Interculturalidade e ensino de l\u00edngua estrangeira"},"content":{"rendered":"\n<figure class=\"wp-block-audio\"><audio controls src=\"https:\/\/www.uninter.com\/radio\/wp-content\/uploads\/2022\/08\/chave-25-08-2022.mp3\"><\/audio><\/figure>\n\n\n\n<p>No epis\u00f3dio in\u00e9dito do programa Chave Interdisciplinar vamos falar sobre a interculturalidade e ensino de l\u00edngua estrangeira.\u00a0<\/p>\n\n\n\n<p>Para a conversa contamos com a presen\u00e7a das professoras Maristela Gripp, Deisily de Quadros e Crisbelli Domingos.<\/p>\n","protected":false},"excerpt":{"rendered":"<p>No epis\u00f3dio in\u00e9dito do programa Chave Interdisciplinar vamos falar sobre a interculturalidade e ensino de&#8230;<\/p>\n","protected":false},"author":3,"featured_media":33668,"comment_status":"open","ping_status":"open","sticky":false,"template":"","format":"standard","meta":[],"categories":[2735],"tags":[],"_links":{"self":[{"href":"https:\/\/www.uninter.com\/radio\/wp-json\/wp\/v2\/posts\/34039"}],"collection":[{"href":"https:\/\/www.uninter.com\/radio\/wp-json\/wp\/v2\/posts"}],"about":[{"href":"https:\/\/www.uninter.com\/radio\/wp-json\/wp\/v2\/types\/post"}],"author":[{"embeddable":true,"href":"https:\/\/www.uninter.com\/radio\/wp-json\/wp\/v2\/users\/3"}],"replies":[{"embeddable":true,"href":"https:\/\/www.uninter.com\/radio\/wp-json\/wp\/v2\/comments?post=34039"}],"version-history":[{"count":3,"href":"https:\/\/www.uninter.com\/radio\/wp-json\/wp\/v2\/posts\/34039\/revisions"}],"predecessor-version":[{"id":34045,"href":"https:\/\/www.uninter.com\/radio\/wp-json\/wp\/v2\/posts\/34039\/revisions\/34045"}],"wp:featuredmedia":[{"embeddable":true,"href":"https:\/\/www.uninter.com\/radio\/wp-json\/wp\/v2\/media\/33668"}],"wp:attachment":[{"href":"https:\/\/www.uninter.com\/radio\/wp-json\/wp\/v2\/media?parent=34039"}],"wp:term":[{"taxonomy":"category","embeddable":true,"href":"https:\/\/www.uninter.com\/radio\/wp-json\/wp\/v2\/categories?post=34039"},{"taxonomy":"post_tag","embeddable":true,"href":"https:\/\/www.uninter.com\/radio\/wp-json\/wp\/v2\/tags?post=34039"}],"curies":[{"name":"wp","href":"https:\/\/api.w.org\/{rel}","templated":true}]}}