{"id":33996,"date":"2022-08-24T14:47:45","date_gmt":"2022-08-24T17:47:45","guid":{"rendered":"https:\/\/www.uninter.com\/radio\/?p=33996"},"modified":"2022-09-14T09:52:31","modified_gmt":"2022-09-14T12:52:31","slug":"negocios-e-tendencias-redes-sociais-e-empregabilidade","status":"publish","type":"post","link":"https:\/\/www.uninter.com\/radio\/negocios-e-tendencias-redes-sociais-e-empregabilidade","title":{"rendered":"Neg\u00f3cios e Tend\u00eancias | Redes sociais e empregabilidade"},"content":{"rendered":"\n<figure class=\"wp-block-audio\"><audio controls src=\"https:\/\/www.uninter.com\/radio\/wp-content\/uploads\/2022\/08\/negocios-e-tendencias-19-08-2022.mp3\"><\/audio><\/figure>\n\n\n\n<p>Redes sociais e empregabilidade s\u00e3o temas super atuais, e o Neg\u00f3cios e Tend\u00eancias te traz todas as informa\u00e7\u00f5es desses dois mundos. <\/p>\n\n\n\n<p>Para o bate-papo, Oriana Gaio recebe os professores Cl\u00f3vis Teixeira Filho e Jos\u00e9 Benedito Caparros.<\/p>\n","protected":false},"excerpt":{"rendered":"<p>Redes sociais e empregabilidade s\u00e3o temas super atuais, e o Neg\u00f3cios e Tend\u00eancias te traz&#8230;<\/p>\n","protected":false},"author":3,"featured_media":33694,"comment_status":"open","ping_status":"open","sticky":false,"template":"","format":"standard","meta":[],"categories":[2698],"tags":[],"_links":{"self":[{"href":"https:\/\/www.uninter.com\/radio\/wp-json\/wp\/v2\/posts\/33996"}],"collection":[{"href":"https:\/\/www.uninter.com\/radio\/wp-json\/wp\/v2\/posts"}],"about":[{"href":"https:\/\/www.uninter.com\/radio\/wp-json\/wp\/v2\/types\/post"}],"author":[{"embeddable":true,"href":"https:\/\/www.uninter.com\/radio\/wp-json\/wp\/v2\/users\/3"}],"replies":[{"embeddable":true,"href":"https:\/\/www.uninter.com\/radio\/wp-json\/wp\/v2\/comments?post=33996"}],"version-history":[{"count":1,"href":"https:\/\/www.uninter.com\/radio\/wp-json\/wp\/v2\/posts\/33996\/revisions"}],"predecessor-version":[{"id":33998,"href":"https:\/\/www.uninter.com\/radio\/wp-json\/wp\/v2\/posts\/33996\/revisions\/33998"}],"wp:featuredmedia":[{"embeddable":true,"href":"https:\/\/www.uninter.com\/radio\/wp-json\/wp\/v2\/media\/33694"}],"wp:attachment":[{"href":"https:\/\/www.uninter.com\/radio\/wp-json\/wp\/v2\/media?parent=33996"}],"wp:term":[{"taxonomy":"category","embeddable":true,"href":"https:\/\/www.uninter.com\/radio\/wp-json\/wp\/v2\/categories?post=33996"},{"taxonomy":"post_tag","embeddable":true,"href":"https:\/\/www.uninter.com\/radio\/wp-json\/wp\/v2\/tags?post=33996"}],"curies":[{"name":"wp","href":"https:\/\/api.w.org\/{rel}","templated":true}]}}