{"id":33993,"date":"2022-08-24T14:35:02","date_gmt":"2022-08-24T17:35:02","guid":{"rendered":"https:\/\/www.uninter.com\/radio\/?p=33993"},"modified":"2022-08-24T14:35:03","modified_gmt":"2022-08-24T17:35:03","slug":"transito-e-mobilidade-os-desafios-dos-centros-de-formacao-de-condutores","status":"publish","type":"post","link":"https:\/\/www.uninter.com\/radio\/transito-e-mobilidade-os-desafios-dos-centros-de-formacao-de-condutores","title":{"rendered":"Tr\u00e2nsito e Mobilidade | Os desafios dos centros de forma\u00e7\u00e3o de condutores"},"content":{"rendered":"\n<figure class=\"wp-block-audio\"><audio controls src=\"https:\/\/www.uninter.com\/radio\/wp-content\/uploads\/2022\/08\/transito-e-mobilidade-19-08-2022.mp3\"><\/audio><\/figure>\n\n\n\n<p>O Tr\u00e2nsito e Mobilidade fala sobre os desafios dos centros de forma\u00e7\u00e3o de condutores.<\/p>\n\n\n\n<p>Para a conversa, Gerson Buczenko e Valdilson Lopes recebem o aluno do curso de Gest\u00e3o do Tr\u00e2nsito e Mobilidade Urbana e instrutor t\u00e9cnico de tr\u00e2nsito credenciado pelo Detran de SP, Vagner Albuquerque.<\/p>\n","protected":false},"excerpt":{"rendered":"<p>O Tr\u00e2nsito e Mobilidade fala sobre os desafios dos centros de forma\u00e7\u00e3o de condutores. Para&#8230;<\/p>\n","protected":false},"author":3,"featured_media":33729,"comment_status":"open","ping_status":"open","sticky":false,"template":"","format":"standard","meta":[],"categories":[2718],"tags":[],"_links":{"self":[{"href":"https:\/\/www.uninter.com\/radio\/wp-json\/wp\/v2\/posts\/33993"}],"collection":[{"href":"https:\/\/www.uninter.com\/radio\/wp-json\/wp\/v2\/posts"}],"about":[{"href":"https:\/\/www.uninter.com\/radio\/wp-json\/wp\/v2\/types\/post"}],"author":[{"embeddable":true,"href":"https:\/\/www.uninter.com\/radio\/wp-json\/wp\/v2\/users\/3"}],"replies":[{"embeddable":true,"href":"https:\/\/www.uninter.com\/radio\/wp-json\/wp\/v2\/comments?post=33993"}],"version-history":[{"count":1,"href":"https:\/\/www.uninter.com\/radio\/wp-json\/wp\/v2\/posts\/33993\/revisions"}],"predecessor-version":[{"id":33995,"href":"https:\/\/www.uninter.com\/radio\/wp-json\/wp\/v2\/posts\/33993\/revisions\/33995"}],"wp:featuredmedia":[{"embeddable":true,"href":"https:\/\/www.uninter.com\/radio\/wp-json\/wp\/v2\/media\/33729"}],"wp:attachment":[{"href":"https:\/\/www.uninter.com\/radio\/wp-json\/wp\/v2\/media?parent=33993"}],"wp:term":[{"taxonomy":"category","embeddable":true,"href":"https:\/\/www.uninter.com\/radio\/wp-json\/wp\/v2\/categories?post=33993"},{"taxonomy":"post_tag","embeddable":true,"href":"https:\/\/www.uninter.com\/radio\/wp-json\/wp\/v2\/tags?post=33993"}],"curies":[{"name":"wp","href":"https:\/\/api.w.org\/{rel}","templated":true}]}}