{"id":33984,"date":"2022-08-24T14:20:13","date_gmt":"2022-08-24T17:20:13","guid":{"rendered":"https:\/\/www.uninter.com\/radio\/?p=33984"},"modified":"2022-08-24T14:20:14","modified_gmt":"2022-08-24T17:20:14","slug":"diversos-da-pos-musica-cognicao-aprendizagem-e-ensino","status":"publish","type":"post","link":"https:\/\/www.uninter.com\/radio\/diversos-da-pos-musica-cognicao-aprendizagem-e-ensino","title":{"rendered":"Diversos da P\u00f3s | M\u00fasica: cogni\u00e7\u00e3o, aprendizagem e ensino"},"content":{"rendered":"\n<figure class=\"wp-block-audio\"><audio controls src=\"https:\/\/www.uninter.com\/radio\/wp-content\/uploads\/2022\/08\/diversos-da-pos18-08-2022.mp3\"><\/audio><\/figure>\n\n\n\n<p>O Diversos da P\u00f3s fala sobre m\u00fasica e seu poder de cogni\u00e7\u00e3o, aprendizagem e ensino. <\/p>\n\n\n\n<p>Para o bate-papo, as professoras Luciana Rodrigues e Milena Silveira recebem Valentina Daldegan, coordenadora de cursos \u00e1rea educacional da P\u00f3s-gradua\u00e7\u00e3o Uninter e Doutora em m\u00fasica pela UFPR e em Ci\u00eancias Pedag\u00f3gicas pela Universidade de Bologna na It\u00e1lia.<\/p>\n","protected":false},"excerpt":{"rendered":"<p>O Diversos da P\u00f3s fala sobre m\u00fasica e seu poder de cogni\u00e7\u00e3o, aprendizagem e ensino&#8230;.<\/p>\n","protected":false},"author":3,"featured_media":31180,"comment_status":"open","ping_status":"open","sticky":false,"template":"","format":"standard","meta":[],"categories":[2704],"tags":[],"_links":{"self":[{"href":"https:\/\/www.uninter.com\/radio\/wp-json\/wp\/v2\/posts\/33984"}],"collection":[{"href":"https:\/\/www.uninter.com\/radio\/wp-json\/wp\/v2\/posts"}],"about":[{"href":"https:\/\/www.uninter.com\/radio\/wp-json\/wp\/v2\/types\/post"}],"author":[{"embeddable":true,"href":"https:\/\/www.uninter.com\/radio\/wp-json\/wp\/v2\/users\/3"}],"replies":[{"embeddable":true,"href":"https:\/\/www.uninter.com\/radio\/wp-json\/wp\/v2\/comments?post=33984"}],"version-history":[{"count":1,"href":"https:\/\/www.uninter.com\/radio\/wp-json\/wp\/v2\/posts\/33984\/revisions"}],"predecessor-version":[{"id":33986,"href":"https:\/\/www.uninter.com\/radio\/wp-json\/wp\/v2\/posts\/33984\/revisions\/33986"}],"wp:featuredmedia":[{"embeddable":true,"href":"https:\/\/www.uninter.com\/radio\/wp-json\/wp\/v2\/media\/31180"}],"wp:attachment":[{"href":"https:\/\/www.uninter.com\/radio\/wp-json\/wp\/v2\/media?parent=33984"}],"wp:term":[{"taxonomy":"category","embeddable":true,"href":"https:\/\/www.uninter.com\/radio\/wp-json\/wp\/v2\/categories?post=33984"},{"taxonomy":"post_tag","embeddable":true,"href":"https:\/\/www.uninter.com\/radio\/wp-json\/wp\/v2\/tags?post=33984"}],"curies":[{"name":"wp","href":"https:\/\/api.w.org\/{rel}","templated":true}]}}