{"id":33974,"date":"2022-08-18T16:44:56","date_gmt":"2022-08-18T19:44:56","guid":{"rendered":"https:\/\/www.uninter.com\/radio\/?p=33974"},"modified":"2022-08-18T16:44:57","modified_gmt":"2022-08-18T19:44:57","slug":"atualidades-da-educacao-o-jornalismo-como-forma-de-conhecimento","status":"publish","type":"post","link":"https:\/\/www.uninter.com\/radio\/atualidades-da-educacao-o-jornalismo-como-forma-de-conhecimento","title":{"rendered":"Atualidades da Educa\u00e7\u00e3o | O Jornalismo como forma de Conhecimento"},"content":{"rendered":"\n<figure class=\"wp-block-audio\"><audio controls src=\"https:\/\/www.uninter.com\/radio\/wp-content\/uploads\/2022\/08\/atualidades-da-educacao-17-08-2022.mp3\"><\/audio><\/figure>\n\n\n\n<p>O Atualidades da Educa\u00e7\u00e3o trata de uma nova tem\u00e1tica, vamos falar sobre o jornalismo como forma de conhecimento. <\/p>\n\n\n\n<p>Para o bate-papo, Alvino Moser e Armando Kolbe recebem o coordenador do curso de jornalismo da Uninter, Guilherme Carvalho.<\/p>\n","protected":false},"excerpt":{"rendered":"<p>O Atualidades da Educa\u00e7\u00e3o trata de uma nova tem\u00e1tica, vamos falar sobre o jornalismo como&#8230;<\/p>\n","protected":false},"author":3,"featured_media":33674,"comment_status":"open","ping_status":"open","sticky":false,"template":"","format":"standard","meta":[],"categories":[2760],"tags":[],"_links":{"self":[{"href":"https:\/\/www.uninter.com\/radio\/wp-json\/wp\/v2\/posts\/33974"}],"collection":[{"href":"https:\/\/www.uninter.com\/radio\/wp-json\/wp\/v2\/posts"}],"about":[{"href":"https:\/\/www.uninter.com\/radio\/wp-json\/wp\/v2\/types\/post"}],"author":[{"embeddable":true,"href":"https:\/\/www.uninter.com\/radio\/wp-json\/wp\/v2\/users\/3"}],"replies":[{"embeddable":true,"href":"https:\/\/www.uninter.com\/radio\/wp-json\/wp\/v2\/comments?post=33974"}],"version-history":[{"count":1,"href":"https:\/\/www.uninter.com\/radio\/wp-json\/wp\/v2\/posts\/33974\/revisions"}],"predecessor-version":[{"id":33976,"href":"https:\/\/www.uninter.com\/radio\/wp-json\/wp\/v2\/posts\/33974\/revisions\/33976"}],"wp:featuredmedia":[{"embeddable":true,"href":"https:\/\/www.uninter.com\/radio\/wp-json\/wp\/v2\/media\/33674"}],"wp:attachment":[{"href":"https:\/\/www.uninter.com\/radio\/wp-json\/wp\/v2\/media?parent=33974"}],"wp:term":[{"taxonomy":"category","embeddable":true,"href":"https:\/\/www.uninter.com\/radio\/wp-json\/wp\/v2\/categories?post=33974"},{"taxonomy":"post_tag","embeddable":true,"href":"https:\/\/www.uninter.com\/radio\/wp-json\/wp\/v2\/tags?post=33974"}],"curies":[{"name":"wp","href":"https:\/\/api.w.org\/{rel}","templated":true}]}}