{"id":33953,"date":"2022-08-16T14:52:26","date_gmt":"2022-08-16T17:52:26","guid":{"rendered":"https:\/\/www.uninter.com\/radio\/?p=33953"},"modified":"2022-08-16T14:52:26","modified_gmt":"2022-08-16T17:52:26","slug":"inclusao-em-rede-o-impacto-da-lideranca-na-inclusao-e-diversidade","status":"publish","type":"post","link":"https:\/\/www.uninter.com\/radio\/inclusao-em-rede-o-impacto-da-lideranca-na-inclusao-e-diversidade","title":{"rendered":"Inclus\u00e3o em Rede | O impacto da lideran\u00e7a na inclus\u00e3o e diversidade"},"content":{"rendered":"\n<figure class=\"wp-block-audio\"><audio controls src=\"https:\/\/www.uninter.com\/radio\/wp-content\/uploads\/2022\/08\/inclusao-em-rede-12_08_2022.mp3\"><\/audio><\/figure>\n\n\n\n<p>A professora Leomar Marchesini recebe o coach e deficiente visual Gabriel Metzler para falar sobre o impacto da lideran\u00e7a na inclus\u00e3o e diversidade.<\/p>\n","protected":false},"excerpt":{"rendered":"<p>A professora Leomar Marchesini recebe o coach e deficiente visual Gabriel Metzler para falar sobre&#8230;<\/p>\n","protected":false},"author":3,"featured_media":33698,"comment_status":"open","ping_status":"open","sticky":false,"template":"","format":"standard","meta":[],"categories":[2727],"tags":[],"_links":{"self":[{"href":"https:\/\/www.uninter.com\/radio\/wp-json\/wp\/v2\/posts\/33953"}],"collection":[{"href":"https:\/\/www.uninter.com\/radio\/wp-json\/wp\/v2\/posts"}],"about":[{"href":"https:\/\/www.uninter.com\/radio\/wp-json\/wp\/v2\/types\/post"}],"author":[{"embeddable":true,"href":"https:\/\/www.uninter.com\/radio\/wp-json\/wp\/v2\/users\/3"}],"replies":[{"embeddable":true,"href":"https:\/\/www.uninter.com\/radio\/wp-json\/wp\/v2\/comments?post=33953"}],"version-history":[{"count":1,"href":"https:\/\/www.uninter.com\/radio\/wp-json\/wp\/v2\/posts\/33953\/revisions"}],"predecessor-version":[{"id":33955,"href":"https:\/\/www.uninter.com\/radio\/wp-json\/wp\/v2\/posts\/33953\/revisions\/33955"}],"wp:featuredmedia":[{"embeddable":true,"href":"https:\/\/www.uninter.com\/radio\/wp-json\/wp\/v2\/media\/33698"}],"wp:attachment":[{"href":"https:\/\/www.uninter.com\/radio\/wp-json\/wp\/v2\/media?parent=33953"}],"wp:term":[{"taxonomy":"category","embeddable":true,"href":"https:\/\/www.uninter.com\/radio\/wp-json\/wp\/v2\/categories?post=33953"},{"taxonomy":"post_tag","embeddable":true,"href":"https:\/\/www.uninter.com\/radio\/wp-json\/wp\/v2\/tags?post=33953"}],"curies":[{"name":"wp","href":"https:\/\/api.w.org\/{rel}","templated":true}]}}