{"id":33950,"date":"2022-08-16T14:49:57","date_gmt":"2022-08-16T17:49:57","guid":{"rendered":"https:\/\/www.uninter.com\/radio\/?p=33950"},"modified":"2022-08-16T14:49:57","modified_gmt":"2022-08-16T17:49:57","slug":"sua-carreira-gestao-de-seguranca-e-defesa-cibernetica","status":"publish","type":"post","link":"https:\/\/www.uninter.com\/radio\/sua-carreira-gestao-de-seguranca-e-defesa-cibernetica","title":{"rendered":"Sua Carreira | Gest\u00e3o de seguran\u00e7a e defesa cibern\u00e9tica"},"content":{"rendered":"\n<figure class=\"wp-block-audio\"><audio controls src=\"https:\/\/www.uninter.com\/radio\/wp-content\/uploads\/2022\/08\/sua-carreira-12_08_2022.mp3\"><\/audio><\/figure>\n\n\n\n<p>O Sua Carreira fala sobre as \u00e1reas de gest\u00e3o de seguran\u00e7a e defesa cibern\u00e9tica. <\/p>\n\n\n\n<p>Para esclarecer o assunto, Evandro Tosin bate-papo com o coordenador do curso, Luis Jos\u00e9 Rohling.<\/p>\n","protected":false},"excerpt":{"rendered":"<p>O Sua Carreira fala sobre as \u00e1reas de gest\u00e3o de seguran\u00e7a e defesa cibern\u00e9tica. Para&#8230;<\/p>\n","protected":false},"author":3,"featured_media":31092,"comment_status":"open","ping_status":"open","sticky":false,"template":"","format":"standard","meta":[],"categories":[2711],"tags":[],"_links":{"self":[{"href":"https:\/\/www.uninter.com\/radio\/wp-json\/wp\/v2\/posts\/33950"}],"collection":[{"href":"https:\/\/www.uninter.com\/radio\/wp-json\/wp\/v2\/posts"}],"about":[{"href":"https:\/\/www.uninter.com\/radio\/wp-json\/wp\/v2\/types\/post"}],"author":[{"embeddable":true,"href":"https:\/\/www.uninter.com\/radio\/wp-json\/wp\/v2\/users\/3"}],"replies":[{"embeddable":true,"href":"https:\/\/www.uninter.com\/radio\/wp-json\/wp\/v2\/comments?post=33950"}],"version-history":[{"count":1,"href":"https:\/\/www.uninter.com\/radio\/wp-json\/wp\/v2\/posts\/33950\/revisions"}],"predecessor-version":[{"id":33952,"href":"https:\/\/www.uninter.com\/radio\/wp-json\/wp\/v2\/posts\/33950\/revisions\/33952"}],"wp:featuredmedia":[{"embeddable":true,"href":"https:\/\/www.uninter.com\/radio\/wp-json\/wp\/v2\/media\/31092"}],"wp:attachment":[{"href":"https:\/\/www.uninter.com\/radio\/wp-json\/wp\/v2\/media?parent=33950"}],"wp:term":[{"taxonomy":"category","embeddable":true,"href":"https:\/\/www.uninter.com\/radio\/wp-json\/wp\/v2\/categories?post=33950"},{"taxonomy":"post_tag","embeddable":true,"href":"https:\/\/www.uninter.com\/radio\/wp-json\/wp\/v2\/tags?post=33950"}],"curies":[{"name":"wp","href":"https:\/\/api.w.org\/{rel}","templated":true}]}}