{"id":33947,"date":"2022-08-16T14:46:46","date_gmt":"2022-08-16T17:46:46","guid":{"rendered":"https:\/\/www.uninter.com\/radio\/?p=33947"},"modified":"2022-08-16T14:46:46","modified_gmt":"2022-08-16T17:46:46","slug":"conversa-com-o-reitor-ii-premio-top-inovacao-uninter","status":"publish","type":"post","link":"https:\/\/www.uninter.com\/radio\/conversa-com-o-reitor-ii-premio-top-inovacao-uninter","title":{"rendered":"Conversa com o Reitor | II Pr\u00eamio Top Inova\u00e7\u00e3o Uninter"},"content":{"rendered":"\n<figure class=\"wp-block-audio\"><audio controls src=\"https:\/\/www.uninter.com\/radio\/wp-content\/uploads\/2022\/08\/conversa-com-o-reitor-12_08_2022.mp3\"><\/audio><\/figure>\n\n\n\n<p>O Pr\u00eamio Top Inova\u00e7\u00e3o Uninter d\u00e1 visibilidade \u00e0s a\u00e7\u00f5es de gestores engajados que buscam o desenvolvimento socioecon\u00f4mico, e o programa Conversa com o Reitor fala sobre a segunda edi\u00e7\u00e3o, que acontece em outubro. <\/p>\n\n\n\n<p>Para o bate-papo, Benhur Gaio recebe Caroline Brasil, Ricieri Gaberlini e Nelson Castanheira.<\/p>\n","protected":false},"excerpt":{"rendered":"<p>O Pr\u00eamio Top Inova\u00e7\u00e3o Uninter d\u00e1 visibilidade \u00e0s a\u00e7\u00f5es de gestores engajados que buscam o&#8230;<\/p>\n","protected":false},"author":3,"featured_media":31088,"comment_status":"open","ping_status":"open","sticky":false,"template":"","format":"standard","meta":[],"categories":[2724],"tags":[],"_links":{"self":[{"href":"https:\/\/www.uninter.com\/radio\/wp-json\/wp\/v2\/posts\/33947"}],"collection":[{"href":"https:\/\/www.uninter.com\/radio\/wp-json\/wp\/v2\/posts"}],"about":[{"href":"https:\/\/www.uninter.com\/radio\/wp-json\/wp\/v2\/types\/post"}],"author":[{"embeddable":true,"href":"https:\/\/www.uninter.com\/radio\/wp-json\/wp\/v2\/users\/3"}],"replies":[{"embeddable":true,"href":"https:\/\/www.uninter.com\/radio\/wp-json\/wp\/v2\/comments?post=33947"}],"version-history":[{"count":1,"href":"https:\/\/www.uninter.com\/radio\/wp-json\/wp\/v2\/posts\/33947\/revisions"}],"predecessor-version":[{"id":33949,"href":"https:\/\/www.uninter.com\/radio\/wp-json\/wp\/v2\/posts\/33947\/revisions\/33949"}],"wp:featuredmedia":[{"embeddable":true,"href":"https:\/\/www.uninter.com\/radio\/wp-json\/wp\/v2\/media\/31088"}],"wp:attachment":[{"href":"https:\/\/www.uninter.com\/radio\/wp-json\/wp\/v2\/media?parent=33947"}],"wp:term":[{"taxonomy":"category","embeddable":true,"href":"https:\/\/www.uninter.com\/radio\/wp-json\/wp\/v2\/categories?post=33947"},{"taxonomy":"post_tag","embeddable":true,"href":"https:\/\/www.uninter.com\/radio\/wp-json\/wp\/v2\/tags?post=33947"}],"curies":[{"name":"wp","href":"https:\/\/api.w.org\/{rel}","templated":true}]}}