{"id":33941,"date":"2022-08-16T14:37:05","date_gmt":"2022-08-16T17:37:05","guid":{"rendered":"https:\/\/www.uninter.com\/radio\/?p=33941"},"modified":"2022-08-16T14:37:05","modified_gmt":"2022-08-16T17:37:05","slug":"chave-interdisciplinar-pluralidade-cultural","status":"publish","type":"post","link":"https:\/\/www.uninter.com\/radio\/chave-interdisciplinar-pluralidade-cultural","title":{"rendered":"Chave Interdisciplinar | Pluralidade cultural"},"content":{"rendered":"\n<figure class=\"wp-block-audio\"><audio controls src=\"https:\/\/www.uninter.com\/radio\/wp-content\/uploads\/2022\/08\/chave-11_08_2022.mp3\"><\/audio><\/figure>\n\n\n\n<p>Neste epis\u00f3dio do Chave Interdisciplinar vamos debater a pluralidade cultural com \u00eanfase na cultura ind\u00edgena. Contamos com a presen\u00e7a dos palestrantes Ol\u00edvio Jekup\u00e9, Ind\u00edgena Guarani e Profa. Ma. Thiana Maria Becker, e a media\u00e7\u00e3o \u00e9 de Prof\u00aa Esp. Maria Tereza Xavier Cordeiro e Prof. Esp. Daniel Artmann Tramontin.<\/p>\n","protected":false},"excerpt":{"rendered":"<p>Neste epis\u00f3dio do Chave Interdisciplinar vamos debater a pluralidade cultural com \u00eanfase na cultura ind\u00edgena&#8230;.<\/p>\n","protected":false},"author":3,"featured_media":33668,"comment_status":"open","ping_status":"open","sticky":false,"template":"","format":"standard","meta":[],"categories":[2735],"tags":[],"_links":{"self":[{"href":"https:\/\/www.uninter.com\/radio\/wp-json\/wp\/v2\/posts\/33941"}],"collection":[{"href":"https:\/\/www.uninter.com\/radio\/wp-json\/wp\/v2\/posts"}],"about":[{"href":"https:\/\/www.uninter.com\/radio\/wp-json\/wp\/v2\/types\/post"}],"author":[{"embeddable":true,"href":"https:\/\/www.uninter.com\/radio\/wp-json\/wp\/v2\/users\/3"}],"replies":[{"embeddable":true,"href":"https:\/\/www.uninter.com\/radio\/wp-json\/wp\/v2\/comments?post=33941"}],"version-history":[{"count":1,"href":"https:\/\/www.uninter.com\/radio\/wp-json\/wp\/v2\/posts\/33941\/revisions"}],"predecessor-version":[{"id":33943,"href":"https:\/\/www.uninter.com\/radio\/wp-json\/wp\/v2\/posts\/33941\/revisions\/33943"}],"wp:featuredmedia":[{"embeddable":true,"href":"https:\/\/www.uninter.com\/radio\/wp-json\/wp\/v2\/media\/33668"}],"wp:attachment":[{"href":"https:\/\/www.uninter.com\/radio\/wp-json\/wp\/v2\/media?parent=33941"}],"wp:term":[{"taxonomy":"category","embeddable":true,"href":"https:\/\/www.uninter.com\/radio\/wp-json\/wp\/v2\/categories?post=33941"},{"taxonomy":"post_tag","embeddable":true,"href":"https:\/\/www.uninter.com\/radio\/wp-json\/wp\/v2\/tags?post=33941"}],"curies":[{"name":"wp","href":"https:\/\/api.w.org\/{rel}","templated":true}]}}