{"id":33934,"date":"2022-08-11T10:20:53","date_gmt":"2022-08-11T13:20:53","guid":{"rendered":"https:\/\/www.uninter.com\/radio\/?p=33934"},"modified":"2022-08-11T10:20:54","modified_gmt":"2022-08-11T13:20:54","slug":"cafe-e-conhecimento-o-futuro-da-gestao-juridica-no-brasil","status":"publish","type":"post","link":"https:\/\/www.uninter.com\/radio\/cafe-e-conhecimento-o-futuro-da-gestao-juridica-no-brasil","title":{"rendered":"Caf\u00e9 e Conhecimento\u00a0| O futuro da gest\u00e3o jur\u00eddica no Brasil"},"content":{"rendered":"\n<figure class=\"wp-block-audio\"><audio controls src=\"https:\/\/www.uninter.com\/radio\/wp-content\/uploads\/2022\/08\/cafe-e-conhecimento-10-08-2022.mp3\"><\/audio><\/figure>\n\n\n\n<p>Voc\u00ea sabe o que \u00e9 um profissional paralegal e sua \u00e1rea de atua\u00e7\u00e3o? Conhe\u00e7a o tema no Caf\u00e9 e Conhecimento. <\/p>\n\n\n\n<p>Comandado pela professora Daniele Polati Farinhas e com participa\u00e7\u00e3o do gestor jur\u00eddico e notarial Junior Branquinho, idealizador do primeiro e maior canal do Brasil sobre a \u00e1rea.<\/p>\n","protected":false},"excerpt":{"rendered":"<p>Voc\u00ea sabe o que \u00e9 um profissional paralegal e sua \u00e1rea de atua\u00e7\u00e3o? Conhe\u00e7a o&#8230;<\/p>\n","protected":false},"author":3,"featured_media":33850,"comment_status":"open","ping_status":"open","sticky":false,"template":"","format":"standard","meta":[],"categories":[2839],"tags":[],"_links":{"self":[{"href":"https:\/\/www.uninter.com\/radio\/wp-json\/wp\/v2\/posts\/33934"}],"collection":[{"href":"https:\/\/www.uninter.com\/radio\/wp-json\/wp\/v2\/posts"}],"about":[{"href":"https:\/\/www.uninter.com\/radio\/wp-json\/wp\/v2\/types\/post"}],"author":[{"embeddable":true,"href":"https:\/\/www.uninter.com\/radio\/wp-json\/wp\/v2\/users\/3"}],"replies":[{"embeddable":true,"href":"https:\/\/www.uninter.com\/radio\/wp-json\/wp\/v2\/comments?post=33934"}],"version-history":[{"count":1,"href":"https:\/\/www.uninter.com\/radio\/wp-json\/wp\/v2\/posts\/33934\/revisions"}],"predecessor-version":[{"id":33936,"href":"https:\/\/www.uninter.com\/radio\/wp-json\/wp\/v2\/posts\/33934\/revisions\/33936"}],"wp:featuredmedia":[{"embeddable":true,"href":"https:\/\/www.uninter.com\/radio\/wp-json\/wp\/v2\/media\/33850"}],"wp:attachment":[{"href":"https:\/\/www.uninter.com\/radio\/wp-json\/wp\/v2\/media?parent=33934"}],"wp:term":[{"taxonomy":"category","embeddable":true,"href":"https:\/\/www.uninter.com\/radio\/wp-json\/wp\/v2\/categories?post=33934"},{"taxonomy":"post_tag","embeddable":true,"href":"https:\/\/www.uninter.com\/radio\/wp-json\/wp\/v2\/tags?post=33934"}],"curies":[{"name":"wp","href":"https:\/\/api.w.org\/{rel}","templated":true}]}}