{"id":33924,"date":"2022-08-10T11:02:20","date_gmt":"2022-08-10T14:02:20","guid":{"rendered":"https:\/\/www.uninter.com\/radio\/?p=33924"},"modified":"2022-08-10T11:02:21","modified_gmt":"2022-08-10T14:02:21","slug":"saude-em-foco-adequacao-de-exercicios-para-a-terceira-idade","status":"publish","type":"post","link":"https:\/\/www.uninter.com\/radio\/saude-em-foco-adequacao-de-exercicios-para-a-terceira-idade","title":{"rendered":"Sa\u00fade em Foco | Adequa\u00e7\u00e3o de exerc\u00edcios para a terceira idade"},"content":{"rendered":"\n<figure class=\"wp-block-audio\"><audio controls src=\"https:\/\/www.uninter.com\/radio\/wp-content\/uploads\/2022\/08\/saude-em-foco-09_08_2022.mp3\"><\/audio><\/figure>\n\n\n\n<p>O exerc\u00edcio f\u00edsico n\u00e3o s\u00f3 \u00e9 poss\u00edvel como tamb\u00e9m recomendado para quem est\u00e1 na terceira idade. Conhe\u00e7a os benef\u00edcios e os melhores tipos de exerc\u00edcios para os idosos no Sa\u00fade em Foco. <\/p>\n\n\n\n<p>Para falar sobre o tema, Barbara Carvalho recebe as professoras Fernanda Cercal e Jordana Stefanello.<\/p>\n","protected":false},"excerpt":{"rendered":"<p>O exerc\u00edcio f\u00edsico n\u00e3o s\u00f3 \u00e9 poss\u00edvel como tamb\u00e9m recomendado para quem est\u00e1 na terceira&#8230;<\/p>\n","protected":false},"author":3,"featured_media":33678,"comment_status":"open","ping_status":"open","sticky":false,"template":"","format":"standard","meta":[],"categories":[2790],"tags":[],"_links":{"self":[{"href":"https:\/\/www.uninter.com\/radio\/wp-json\/wp\/v2\/posts\/33924"}],"collection":[{"href":"https:\/\/www.uninter.com\/radio\/wp-json\/wp\/v2\/posts"}],"about":[{"href":"https:\/\/www.uninter.com\/radio\/wp-json\/wp\/v2\/types\/post"}],"author":[{"embeddable":true,"href":"https:\/\/www.uninter.com\/radio\/wp-json\/wp\/v2\/users\/3"}],"replies":[{"embeddable":true,"href":"https:\/\/www.uninter.com\/radio\/wp-json\/wp\/v2\/comments?post=33924"}],"version-history":[{"count":1,"href":"https:\/\/www.uninter.com\/radio\/wp-json\/wp\/v2\/posts\/33924\/revisions"}],"predecessor-version":[{"id":33926,"href":"https:\/\/www.uninter.com\/radio\/wp-json\/wp\/v2\/posts\/33924\/revisions\/33926"}],"wp:featuredmedia":[{"embeddable":true,"href":"https:\/\/www.uninter.com\/radio\/wp-json\/wp\/v2\/media\/33678"}],"wp:attachment":[{"href":"https:\/\/www.uninter.com\/radio\/wp-json\/wp\/v2\/media?parent=33924"}],"wp:term":[{"taxonomy":"category","embeddable":true,"href":"https:\/\/www.uninter.com\/radio\/wp-json\/wp\/v2\/categories?post=33924"},{"taxonomy":"post_tag","embeddable":true,"href":"https:\/\/www.uninter.com\/radio\/wp-json\/wp\/v2\/tags?post=33924"}],"curies":[{"name":"wp","href":"https:\/\/api.w.org\/{rel}","templated":true}]}}