{"id":33904,"date":"2022-08-09T15:33:59","date_gmt":"2022-08-09T18:33:59","guid":{"rendered":"https:\/\/www.uninter.com\/radio\/?p=33904"},"modified":"2022-08-09T15:34:00","modified_gmt":"2022-08-09T18:34:00","slug":"conversa-com-o-reitor-acoes-da-uninter-na-ilha-de-marajo","status":"publish","type":"post","link":"https:\/\/www.uninter.com\/radio\/conversa-com-o-reitor-acoes-da-uninter-na-ilha-de-marajo","title":{"rendered":"Conversa com o Reitor | A\u00e7\u00f5es da Uninter na Ilha de Maraj\u00f3"},"content":{"rendered":"\n<figure class=\"wp-block-audio\"><audio controls src=\"https:\/\/www.uninter.com\/radio\/wp-content\/uploads\/2022\/08\/Conversa-com-o-reitor-05_08_2022.mp3\"><\/audio><\/figure>\n\n\n\n<p>O programa Conversa com o Reitor promove uma conversa direto com a Ilha de Maraj\u00f3! <\/p>\n\n\n\n<p>Benhur Gaio conversa ao vivo com Dinamara Machado, Sidney Lara e Maria Gl\u00f3ria da Silva, direto do Par\u00e1, para falar sobre as a\u00e7\u00f5es nos polos de Macap\u00e1 e Afu\u00e1.<\/p>\n","protected":false},"excerpt":{"rendered":"<p>O programa Conversa com o Reitor promove uma conversa direto com a Ilha de Maraj\u00f3!&#8230;<\/p>\n","protected":false},"author":3,"featured_media":31088,"comment_status":"open","ping_status":"open","sticky":false,"template":"","format":"standard","meta":[],"categories":[2724],"tags":[],"_links":{"self":[{"href":"https:\/\/www.uninter.com\/radio\/wp-json\/wp\/v2\/posts\/33904"}],"collection":[{"href":"https:\/\/www.uninter.com\/radio\/wp-json\/wp\/v2\/posts"}],"about":[{"href":"https:\/\/www.uninter.com\/radio\/wp-json\/wp\/v2\/types\/post"}],"author":[{"embeddable":true,"href":"https:\/\/www.uninter.com\/radio\/wp-json\/wp\/v2\/users\/3"}],"replies":[{"embeddable":true,"href":"https:\/\/www.uninter.com\/radio\/wp-json\/wp\/v2\/comments?post=33904"}],"version-history":[{"count":1,"href":"https:\/\/www.uninter.com\/radio\/wp-json\/wp\/v2\/posts\/33904\/revisions"}],"predecessor-version":[{"id":33906,"href":"https:\/\/www.uninter.com\/radio\/wp-json\/wp\/v2\/posts\/33904\/revisions\/33906"}],"wp:featuredmedia":[{"embeddable":true,"href":"https:\/\/www.uninter.com\/radio\/wp-json\/wp\/v2\/media\/31088"}],"wp:attachment":[{"href":"https:\/\/www.uninter.com\/radio\/wp-json\/wp\/v2\/media?parent=33904"}],"wp:term":[{"taxonomy":"category","embeddable":true,"href":"https:\/\/www.uninter.com\/radio\/wp-json\/wp\/v2\/categories?post=33904"},{"taxonomy":"post_tag","embeddable":true,"href":"https:\/\/www.uninter.com\/radio\/wp-json\/wp\/v2\/tags?post=33904"}],"curies":[{"name":"wp","href":"https:\/\/api.w.org\/{rel}","templated":true}]}}