{"id":33889,"date":"2022-08-09T14:35:28","date_gmt":"2022-08-09T17:35:28","guid":{"rendered":"https:\/\/www.uninter.com\/radio\/?p=33889"},"modified":"2022-08-09T14:35:28","modified_gmt":"2022-08-09T17:35:28","slug":"saude-em-foco-semana-mundial-do-aleitamento-materno-fortalecer-a-amamentacao-educando-e-apoiando","status":"publish","type":"post","link":"https:\/\/www.uninter.com\/radio\/saude-em-foco-semana-mundial-do-aleitamento-materno-fortalecer-a-amamentacao-educando-e-apoiando","title":{"rendered":"Sa\u00fade em Foco | Semana Mundial do Aleitamento Materno: Fortalecer a amamenta\u00e7\u00e3o educando e apoiando"},"content":{"rendered":"\n<figure class=\"wp-block-audio\"><audio controls src=\"https:\/\/www.uninter.com\/radio\/wp-content\/uploads\/2022\/08\/saude-em-foco-03_08_2022.mp3\"><\/audio><\/figure>\n\n\n\n<p>O Sa\u00fade em Foco tem edi\u00e7\u00e3o especial, e Barbara Carvalho recebe a professora e enfermeira Maria Caroline Waldrigues para falar sobre a semana do aleitamento materno 2022.<\/p>\n","protected":false},"excerpt":{"rendered":"<p>O Sa\u00fade em Foco tem edi\u00e7\u00e3o especial, e Barbara Carvalho recebe a professora e enfermeira&#8230;<\/p>\n","protected":false},"author":3,"featured_media":33678,"comment_status":"open","ping_status":"open","sticky":false,"template":"","format":"standard","meta":[],"categories":[2790],"tags":[],"_links":{"self":[{"href":"https:\/\/www.uninter.com\/radio\/wp-json\/wp\/v2\/posts\/33889"}],"collection":[{"href":"https:\/\/www.uninter.com\/radio\/wp-json\/wp\/v2\/posts"}],"about":[{"href":"https:\/\/www.uninter.com\/radio\/wp-json\/wp\/v2\/types\/post"}],"author":[{"embeddable":true,"href":"https:\/\/www.uninter.com\/radio\/wp-json\/wp\/v2\/users\/3"}],"replies":[{"embeddable":true,"href":"https:\/\/www.uninter.com\/radio\/wp-json\/wp\/v2\/comments?post=33889"}],"version-history":[{"count":1,"href":"https:\/\/www.uninter.com\/radio\/wp-json\/wp\/v2\/posts\/33889\/revisions"}],"predecessor-version":[{"id":33891,"href":"https:\/\/www.uninter.com\/radio\/wp-json\/wp\/v2\/posts\/33889\/revisions\/33891"}],"wp:featuredmedia":[{"embeddable":true,"href":"https:\/\/www.uninter.com\/radio\/wp-json\/wp\/v2\/media\/33678"}],"wp:attachment":[{"href":"https:\/\/www.uninter.com\/radio\/wp-json\/wp\/v2\/media?parent=33889"}],"wp:term":[{"taxonomy":"category","embeddable":true,"href":"https:\/\/www.uninter.com\/radio\/wp-json\/wp\/v2\/categories?post=33889"},{"taxonomy":"post_tag","embeddable":true,"href":"https:\/\/www.uninter.com\/radio\/wp-json\/wp\/v2\/tags?post=33889"}],"curies":[{"name":"wp","href":"https:\/\/api.w.org\/{rel}","templated":true}]}}