{"id":33873,"date":"2022-08-09T14:18:18","date_gmt":"2022-08-09T17:18:18","guid":{"rendered":"https:\/\/www.uninter.com\/radio\/?p=33873"},"modified":"2022-08-09T14:18:18","modified_gmt":"2022-08-09T17:18:18","slug":"conheca-seu-direito-os-principais-desastres-ambientais-ocorridos-no-brasil","status":"publish","type":"post","link":"https:\/\/www.uninter.com\/radio\/conheca-seu-direito-os-principais-desastres-ambientais-ocorridos-no-brasil","title":{"rendered":"Conhe\u00e7a seu Direito | Os principais desastres ambientais ocorridos no Brasil"},"content":{"rendered":"\n<figure class=\"wp-block-audio\"><audio controls src=\"https:\/\/www.uninter.com\/radio\/wp-content\/uploads\/2022\/08\/conheca-seu-direito-01_08_2022-online-audio-converter.com_.mp3\"><\/audio><\/figure>\n\n\n\n<p>Na edi\u00e7\u00e3o de agosto do programa Conhe\u00e7a seu Direito, vamos conversar sobre os desastres ambientais que j\u00e1 ocorreram no Brasil. <\/p>\n\n\n\n<p>Para debater este tema, recebemos Profa. Ma. Daniele Assad Gon\u00e7alves, e media\u00e7\u00e3o de Prof. Dr. Silvano Alves Alcantara, Profa. Esp. Jennifer Manfrin e Profa. Esp. Priscilla Bortolotto Ribeiro. <\/p>\n","protected":false},"excerpt":{"rendered":"<p>Na edi\u00e7\u00e3o de agosto do programa Conhe\u00e7a seu Direito, vamos conversar sobre os desastres ambientais&#8230;<\/p>\n","protected":false},"author":3,"featured_media":33660,"comment_status":"open","ping_status":"open","sticky":false,"template":"","format":"standard","meta":[],"categories":[2703],"tags":[],"_links":{"self":[{"href":"https:\/\/www.uninter.com\/radio\/wp-json\/wp\/v2\/posts\/33873"}],"collection":[{"href":"https:\/\/www.uninter.com\/radio\/wp-json\/wp\/v2\/posts"}],"about":[{"href":"https:\/\/www.uninter.com\/radio\/wp-json\/wp\/v2\/types\/post"}],"author":[{"embeddable":true,"href":"https:\/\/www.uninter.com\/radio\/wp-json\/wp\/v2\/users\/3"}],"replies":[{"embeddable":true,"href":"https:\/\/www.uninter.com\/radio\/wp-json\/wp\/v2\/comments?post=33873"}],"version-history":[{"count":1,"href":"https:\/\/www.uninter.com\/radio\/wp-json\/wp\/v2\/posts\/33873\/revisions"}],"predecessor-version":[{"id":33875,"href":"https:\/\/www.uninter.com\/radio\/wp-json\/wp\/v2\/posts\/33873\/revisions\/33875"}],"wp:featuredmedia":[{"embeddable":true,"href":"https:\/\/www.uninter.com\/radio\/wp-json\/wp\/v2\/media\/33660"}],"wp:attachment":[{"href":"https:\/\/www.uninter.com\/radio\/wp-json\/wp\/v2\/media?parent=33873"}],"wp:term":[{"taxonomy":"category","embeddable":true,"href":"https:\/\/www.uninter.com\/radio\/wp-json\/wp\/v2\/categories?post=33873"},{"taxonomy":"post_tag","embeddable":true,"href":"https:\/\/www.uninter.com\/radio\/wp-json\/wp\/v2\/tags?post=33873"}],"curies":[{"name":"wp","href":"https:\/\/api.w.org\/{rel}","templated":true}]}}