{"id":33861,"date":"2022-08-02T15:37:42","date_gmt":"2022-08-02T18:37:42","guid":{"rendered":"https:\/\/www.uninter.com\/radio\/?p=33861"},"modified":"2022-08-02T15:37:43","modified_gmt":"2022-08-02T18:37:43","slug":"sua-carreira-branding-e-comunicacao-digital-comunicacao-esportiva","status":"publish","type":"post","link":"https:\/\/www.uninter.com\/radio\/sua-carreira-branding-e-comunicacao-digital-comunicacao-esportiva","title":{"rendered":"Sua Carreira | Branding e Comunica\u00e7\u00e3o Digital\/Comunica\u00e7\u00e3o Esportiva"},"content":{"rendered":"\n<figure class=\"wp-block-audio\"><audio controls src=\"https:\/\/www.uninter.com\/radio\/wp-content\/uploads\/2022\/08\/sua-carreira-29-07-2022.mp3\"><\/audio><\/figure>\n\n\n\n<p>A nova edi\u00e7\u00e3o do programa Sua Carreira fala sobre os cursos de Branding e Comunica\u00e7\u00e3o Digital e Comunica\u00e7\u00e3o Esportiva, acompanhe para saber tudo sobre eles! <\/p>\n\n\n\n<p>Para a conversa, Evandro Tosin recebe os professores das p\u00f3s-gradua\u00e7\u00f5es na \u00e1rea de comunica\u00e7\u00e3o da Uninter, Cl\u00f3vis Teixeira Filho e Edna Gamboa Chimenes.<\/p>\n","protected":false},"excerpt":{"rendered":"<p>A nova edi\u00e7\u00e3o do programa Sua Carreira fala sobre os cursos de Branding e Comunica\u00e7\u00e3o&#8230;<\/p>\n","protected":false},"author":3,"featured_media":33691,"comment_status":"open","ping_status":"open","sticky":false,"template":"","format":"standard","meta":[],"categories":[2711],"tags":[],"_links":{"self":[{"href":"https:\/\/www.uninter.com\/radio\/wp-json\/wp\/v2\/posts\/33861"}],"collection":[{"href":"https:\/\/www.uninter.com\/radio\/wp-json\/wp\/v2\/posts"}],"about":[{"href":"https:\/\/www.uninter.com\/radio\/wp-json\/wp\/v2\/types\/post"}],"author":[{"embeddable":true,"href":"https:\/\/www.uninter.com\/radio\/wp-json\/wp\/v2\/users\/3"}],"replies":[{"embeddable":true,"href":"https:\/\/www.uninter.com\/radio\/wp-json\/wp\/v2\/comments?post=33861"}],"version-history":[{"count":1,"href":"https:\/\/www.uninter.com\/radio\/wp-json\/wp\/v2\/posts\/33861\/revisions"}],"predecessor-version":[{"id":33863,"href":"https:\/\/www.uninter.com\/radio\/wp-json\/wp\/v2\/posts\/33861\/revisions\/33863"}],"wp:featuredmedia":[{"embeddable":true,"href":"https:\/\/www.uninter.com\/radio\/wp-json\/wp\/v2\/media\/33691"}],"wp:attachment":[{"href":"https:\/\/www.uninter.com\/radio\/wp-json\/wp\/v2\/media?parent=33861"}],"wp:term":[{"taxonomy":"category","embeddable":true,"href":"https:\/\/www.uninter.com\/radio\/wp-json\/wp\/v2\/categories?post=33861"},{"taxonomy":"post_tag","embeddable":true,"href":"https:\/\/www.uninter.com\/radio\/wp-json\/wp\/v2\/tags?post=33861"}],"curies":[{"name":"wp","href":"https:\/\/api.w.org\/{rel}","templated":true}]}}