{"id":33838,"date":"2022-08-02T14:17:50","date_gmt":"2022-08-02T17:17:50","guid":{"rendered":"https:\/\/www.uninter.com\/radio\/?p=33838"},"modified":"2022-08-02T14:17:51","modified_gmt":"2022-08-02T17:17:51","slug":"saude-em-foco-o-papel-do-educador-social-na-politica-de-assistencia-social","status":"publish","type":"post","link":"https:\/\/www.uninter.com\/radio\/saude-em-foco-o-papel-do-educador-social-na-politica-de-assistencia-social","title":{"rendered":"Sa\u00fade em Foco | O papel do educador social na pol\u00edtica de assist\u00eancia social"},"content":{"rendered":"\n<figure class=\"wp-block-audio\"><audio controls src=\"https:\/\/www.uninter.com\/radio\/wp-content\/uploads\/2022\/08\/saude-em-foco-26_07_2022.mp3\"><\/audio><\/figure>\n\n\n\n<p>O programa Sa\u00fade em Foco fala sobre as possibilidades e desafios do educador social na pol\u00edtica de assist\u00eancia social. <\/p>\n\n\n\n<p>Para isso, Barbara Carvalho recebe a professora Fabiana Prestes, e o educador social, Tiago Marques do Carmo.<\/p>\n","protected":false},"excerpt":{"rendered":"<p>O programa Sa\u00fade em Foco fala sobre as possibilidades e desafios do educador social na&#8230;<\/p>\n","protected":false},"author":3,"featured_media":33678,"comment_status":"open","ping_status":"open","sticky":false,"template":"","format":"standard","meta":[],"categories":[2790],"tags":[],"_links":{"self":[{"href":"https:\/\/www.uninter.com\/radio\/wp-json\/wp\/v2\/posts\/33838"}],"collection":[{"href":"https:\/\/www.uninter.com\/radio\/wp-json\/wp\/v2\/posts"}],"about":[{"href":"https:\/\/www.uninter.com\/radio\/wp-json\/wp\/v2\/types\/post"}],"author":[{"embeddable":true,"href":"https:\/\/www.uninter.com\/radio\/wp-json\/wp\/v2\/users\/3"}],"replies":[{"embeddable":true,"href":"https:\/\/www.uninter.com\/radio\/wp-json\/wp\/v2\/comments?post=33838"}],"version-history":[{"count":1,"href":"https:\/\/www.uninter.com\/radio\/wp-json\/wp\/v2\/posts\/33838\/revisions"}],"predecessor-version":[{"id":33840,"href":"https:\/\/www.uninter.com\/radio\/wp-json\/wp\/v2\/posts\/33838\/revisions\/33840"}],"wp:featuredmedia":[{"embeddable":true,"href":"https:\/\/www.uninter.com\/radio\/wp-json\/wp\/v2\/media\/33678"}],"wp:attachment":[{"href":"https:\/\/www.uninter.com\/radio\/wp-json\/wp\/v2\/media?parent=33838"}],"wp:term":[{"taxonomy":"category","embeddable":true,"href":"https:\/\/www.uninter.com\/radio\/wp-json\/wp\/v2\/categories?post=33838"},{"taxonomy":"post_tag","embeddable":true,"href":"https:\/\/www.uninter.com\/radio\/wp-json\/wp\/v2\/tags?post=33838"}],"curies":[{"name":"wp","href":"https:\/\/api.w.org\/{rel}","templated":true}]}}