{"id":33835,"date":"2022-08-02T14:14:37","date_gmt":"2022-08-02T17:14:37","guid":{"rendered":"https:\/\/www.uninter.com\/radio\/?p=33835"},"modified":"2022-08-02T14:14:37","modified_gmt":"2022-08-02T17:14:37","slug":"talento-em-foco-tiro-no-pe-na-entrevista-de-emprego","status":"publish","type":"post","link":"https:\/\/www.uninter.com\/radio\/talento-em-foco-tiro-no-pe-na-entrevista-de-emprego","title":{"rendered":"Talento em Foco | Tiro no p\u00e9 na entrevista de emprego"},"content":{"rendered":"\n<figure class=\"wp-block-audio\"><audio controls src=\"https:\/\/www.uninter.com\/radio\/wp-content\/uploads\/2022\/08\/talento-em-foco-25_07_2022.mp3\"><\/audio><\/figure>\n\n\n\n<p>Voc\u00ea sabe o que \u00e9 l\u00f3cus externo de controle? E como se preparar para a entrevista de emprego? <\/p>\n\n\n\n<p>Antes de realizar uma entrevista de emprego \u00e9 necess\u00e1rio conhecer a empresa e escolher adequadamente a vestimenta. Voc\u00ea saber mais sobre essa tem\u00e1tica na edi\u00e7\u00e3o do Talento em Foco com a mentora de capital humano Erika Lotz.<\/p>\n","protected":false},"excerpt":{"rendered":"<p>Voc\u00ea sabe o que \u00e9 l\u00f3cus externo de controle? E como se preparar para a&#8230;<\/p>\n","protected":false},"author":3,"featured_media":31128,"comment_status":"open","ping_status":"open","sticky":false,"template":"","format":"standard","meta":[],"categories":[2723],"tags":[],"_links":{"self":[{"href":"https:\/\/www.uninter.com\/radio\/wp-json\/wp\/v2\/posts\/33835"}],"collection":[{"href":"https:\/\/www.uninter.com\/radio\/wp-json\/wp\/v2\/posts"}],"about":[{"href":"https:\/\/www.uninter.com\/radio\/wp-json\/wp\/v2\/types\/post"}],"author":[{"embeddable":true,"href":"https:\/\/www.uninter.com\/radio\/wp-json\/wp\/v2\/users\/3"}],"replies":[{"embeddable":true,"href":"https:\/\/www.uninter.com\/radio\/wp-json\/wp\/v2\/comments?post=33835"}],"version-history":[{"count":1,"href":"https:\/\/www.uninter.com\/radio\/wp-json\/wp\/v2\/posts\/33835\/revisions"}],"predecessor-version":[{"id":33837,"href":"https:\/\/www.uninter.com\/radio\/wp-json\/wp\/v2\/posts\/33835\/revisions\/33837"}],"wp:featuredmedia":[{"embeddable":true,"href":"https:\/\/www.uninter.com\/radio\/wp-json\/wp\/v2\/media\/31128"}],"wp:attachment":[{"href":"https:\/\/www.uninter.com\/radio\/wp-json\/wp\/v2\/media?parent=33835"}],"wp:term":[{"taxonomy":"category","embeddable":true,"href":"https:\/\/www.uninter.com\/radio\/wp-json\/wp\/v2\/categories?post=33835"},{"taxonomy":"post_tag","embeddable":true,"href":"https:\/\/www.uninter.com\/radio\/wp-json\/wp\/v2\/tags?post=33835"}],"curies":[{"name":"wp","href":"https:\/\/api.w.org\/{rel}","templated":true}]}}