{"id":33831,"date":"2022-07-27T13:29:53","date_gmt":"2022-07-27T16:29:53","guid":{"rendered":"https:\/\/www.uninter.com\/radio\/?p=33831"},"modified":"2022-07-27T13:29:54","modified_gmt":"2022-07-27T16:29:54","slug":"negocios-e-tendencias-a-trajetoria-feminina-no-mercado-de-trabalho-avancos-e-desafios","status":"publish","type":"post","link":"https:\/\/www.uninter.com\/radio\/negocios-e-tendencias-a-trajetoria-feminina-no-mercado-de-trabalho-avancos-e-desafios","title":{"rendered":"Neg\u00f3cios e Tend\u00eancias | A trajet\u00f3ria feminina no mercado de trabalho: avan\u00e7os e desafios"},"content":{"rendered":"\n<figure class=\"wp-block-audio\"><audio controls src=\"https:\/\/www.uninter.com\/radio\/wp-content\/uploads\/2022\/07\/negocios-e-tendencias-15_07_2022.mp3\"><\/audio><\/figure>\n\n\n\n<p>Confira a trajet\u00f3ria feminina e suas conquistas, bem como seus desafios, no mercado de trabalho. Apresenta\u00e7\u00e3o das professoras Oriana Gaio e Luciana Rodrigues. Acompanhe.<\/p>\n","protected":false},"excerpt":{"rendered":"<p>Confira a trajet\u00f3ria feminina e suas conquistas, bem como seus desafios, no mercado de trabalho&#8230;.<\/p>\n","protected":false},"author":3,"featured_media":33694,"comment_status":"open","ping_status":"open","sticky":false,"template":"","format":"standard","meta":[],"categories":[2698],"tags":[],"_links":{"self":[{"href":"https:\/\/www.uninter.com\/radio\/wp-json\/wp\/v2\/posts\/33831"}],"collection":[{"href":"https:\/\/www.uninter.com\/radio\/wp-json\/wp\/v2\/posts"}],"about":[{"href":"https:\/\/www.uninter.com\/radio\/wp-json\/wp\/v2\/types\/post"}],"author":[{"embeddable":true,"href":"https:\/\/www.uninter.com\/radio\/wp-json\/wp\/v2\/users\/3"}],"replies":[{"embeddable":true,"href":"https:\/\/www.uninter.com\/radio\/wp-json\/wp\/v2\/comments?post=33831"}],"version-history":[{"count":1,"href":"https:\/\/www.uninter.com\/radio\/wp-json\/wp\/v2\/posts\/33831\/revisions"}],"predecessor-version":[{"id":33833,"href":"https:\/\/www.uninter.com\/radio\/wp-json\/wp\/v2\/posts\/33831\/revisions\/33833"}],"wp:featuredmedia":[{"embeddable":true,"href":"https:\/\/www.uninter.com\/radio\/wp-json\/wp\/v2\/media\/33694"}],"wp:attachment":[{"href":"https:\/\/www.uninter.com\/radio\/wp-json\/wp\/v2\/media?parent=33831"}],"wp:term":[{"taxonomy":"category","embeddable":true,"href":"https:\/\/www.uninter.com\/radio\/wp-json\/wp\/v2\/categories?post=33831"},{"taxonomy":"post_tag","embeddable":true,"href":"https:\/\/www.uninter.com\/radio\/wp-json\/wp\/v2\/tags?post=33831"}],"curies":[{"name":"wp","href":"https:\/\/api.w.org\/{rel}","templated":true}]}}