{"id":33802,"date":"2022-07-27T10:48:21","date_gmt":"2022-07-27T13:48:21","guid":{"rendered":"https:\/\/www.uninter.com\/radio\/?p=33802"},"modified":"2022-07-27T10:48:21","modified_gmt":"2022-07-27T13:48:21","slug":"sua-carreira-gestao-de-comunicacao-em-saude-e-comunicacao-politica-e-no-setor-publico","status":"publish","type":"post","link":"https:\/\/www.uninter.com\/radio\/sua-carreira-gestao-de-comunicacao-em-saude-e-comunicacao-politica-e-no-setor-publico","title":{"rendered":"Sua Carreira | Gest\u00e3o de Comunica\u00e7\u00e3o em Sa\u00fade e Comunica\u00e7\u00e3o Pol\u00edtica e no Setor P\u00fablico"},"content":{"rendered":"\n<figure class=\"wp-block-audio\"><audio controls src=\"https:\/\/www.uninter.com\/radio\/wp-content\/uploads\/2022\/07\/sua-carreira-15_07_2022.mp3\"><\/audio><\/figure>\n\n\n\n<p>Conhe\u00e7a o mercado de trabalho e as oportunidades profissionais dos cursos de Gest\u00e3o de Comunica\u00e7\u00e3o em Sa\u00fade e Comunica\u00e7\u00e3o Pol\u00edtica e no Setor P\u00fablico, ofertados pela Uninter.<\/p>\n\n\n\n<p>Para falar sobre eles, Evandro Tosin recebe Edna Chimenes e Cl\u00f3vis Teixeira.<\/p>\n","protected":false},"excerpt":{"rendered":"<p>Conhe\u00e7a o mercado de trabalho e as oportunidades profissionais dos cursos de Gest\u00e3o de Comunica\u00e7\u00e3o&#8230;<\/p>\n","protected":false},"author":3,"featured_media":33691,"comment_status":"open","ping_status":"open","sticky":false,"template":"","format":"standard","meta":[],"categories":[2711],"tags":[],"_links":{"self":[{"href":"https:\/\/www.uninter.com\/radio\/wp-json\/wp\/v2\/posts\/33802"}],"collection":[{"href":"https:\/\/www.uninter.com\/radio\/wp-json\/wp\/v2\/posts"}],"about":[{"href":"https:\/\/www.uninter.com\/radio\/wp-json\/wp\/v2\/types\/post"}],"author":[{"embeddable":true,"href":"https:\/\/www.uninter.com\/radio\/wp-json\/wp\/v2\/users\/3"}],"replies":[{"embeddable":true,"href":"https:\/\/www.uninter.com\/radio\/wp-json\/wp\/v2\/comments?post=33802"}],"version-history":[{"count":1,"href":"https:\/\/www.uninter.com\/radio\/wp-json\/wp\/v2\/posts\/33802\/revisions"}],"predecessor-version":[{"id":33804,"href":"https:\/\/www.uninter.com\/radio\/wp-json\/wp\/v2\/posts\/33802\/revisions\/33804"}],"wp:featuredmedia":[{"embeddable":true,"href":"https:\/\/www.uninter.com\/radio\/wp-json\/wp\/v2\/media\/33691"}],"wp:attachment":[{"href":"https:\/\/www.uninter.com\/radio\/wp-json\/wp\/v2\/media?parent=33802"}],"wp:term":[{"taxonomy":"category","embeddable":true,"href":"https:\/\/www.uninter.com\/radio\/wp-json\/wp\/v2\/categories?post=33802"},{"taxonomy":"post_tag","embeddable":true,"href":"https:\/\/www.uninter.com\/radio\/wp-json\/wp\/v2\/tags?post=33802"}],"curies":[{"name":"wp","href":"https:\/\/api.w.org\/{rel}","templated":true}]}}