{"id":33796,"date":"2022-07-25T17:19:47","date_gmt":"2022-07-25T20:19:47","guid":{"rendered":"https:\/\/www.uninter.com\/radio\/?p=33796"},"modified":"2022-07-25T17:19:48","modified_gmt":"2022-07-25T20:19:48","slug":"conheca-seu-direito-44-a-importancia-da-autonomia-dos-poderes","status":"publish","type":"post","link":"https:\/\/www.uninter.com\/radio\/conheca-seu-direito-44-a-importancia-da-autonomia-dos-poderes","title":{"rendered":"Conhe\u00e7a seu Direito #44 | A Import\u00e2ncia da Autonomia dos Poderes"},"content":{"rendered":"\n<figure class=\"wp-block-audio\"><audio controls src=\"https:\/\/www.uninter.com\/radio\/wp-content\/uploads\/2022\/07\/04-07-2022-conheca-seu-direito-a-importancia-da-autonomia-dos-poderes_mixagem-online-audio-converter.com_.mp3\"><\/audio><\/figure>\n\n\n\n<p>Na edi\u00e7\u00e3o de julho do programa Conhe\u00e7a seu Direito vamos conversar sobre a import\u00e2ncia da separa\u00e7\u00e3o dos poderes para a adequada organiza\u00e7\u00e3o do estado democr\u00e1tico de direito, bem como sobre o sistema de freios e contrapesos. \u00a0<\/p>\n\n\n\n<p>Para falar sobre o assunto recebemos os professores Dr. Silvano Alcantara, Esp. Jennifer Manfrin, Esp. Priscilla Bortolotto Ribeiro e a convidada, Prof\u00aa Ma. Amanda Spaller. Acompanhe.<a rel=\"noreferrer noopener\" href=\"https:\/\/twitter.com\/intent\/tweet?text=Listen%20to%20%22Conhe%C3%A7a%20seu%20Direito%20%7C%20A%20Import%C3%A2ncia%20da%20Autonomia%20dos%20Poderes%22%20by%20R%C3%A1dio%20Uninter.%20%E2%9A%93%20https:\/\/anchor.fm\/rdio-uninter\/episodes\/Conhea-seu-Direito--A-Importncia-da-Autonomia-dos-Poderes-e1lj0fa\" target=\"_blank\"><\/a><\/p>\n","protected":false},"excerpt":{"rendered":"<p>Na edi\u00e7\u00e3o de julho do programa Conhe\u00e7a seu Direito vamos conversar sobre a import\u00e2ncia da&#8230;<\/p>\n","protected":false},"author":3,"featured_media":33660,"comment_status":"open","ping_status":"open","sticky":false,"template":"","format":"standard","meta":[],"categories":[2703],"tags":[],"_links":{"self":[{"href":"https:\/\/www.uninter.com\/radio\/wp-json\/wp\/v2\/posts\/33796"}],"collection":[{"href":"https:\/\/www.uninter.com\/radio\/wp-json\/wp\/v2\/posts"}],"about":[{"href":"https:\/\/www.uninter.com\/radio\/wp-json\/wp\/v2\/types\/post"}],"author":[{"embeddable":true,"href":"https:\/\/www.uninter.com\/radio\/wp-json\/wp\/v2\/users\/3"}],"replies":[{"embeddable":true,"href":"https:\/\/www.uninter.com\/radio\/wp-json\/wp\/v2\/comments?post=33796"}],"version-history":[{"count":1,"href":"https:\/\/www.uninter.com\/radio\/wp-json\/wp\/v2\/posts\/33796\/revisions"}],"predecessor-version":[{"id":33798,"href":"https:\/\/www.uninter.com\/radio\/wp-json\/wp\/v2\/posts\/33796\/revisions\/33798"}],"wp:featuredmedia":[{"embeddable":true,"href":"https:\/\/www.uninter.com\/radio\/wp-json\/wp\/v2\/media\/33660"}],"wp:attachment":[{"href":"https:\/\/www.uninter.com\/radio\/wp-json\/wp\/v2\/media?parent=33796"}],"wp:term":[{"taxonomy":"category","embeddable":true,"href":"https:\/\/www.uninter.com\/radio\/wp-json\/wp\/v2\/categories?post=33796"},{"taxonomy":"post_tag","embeddable":true,"href":"https:\/\/www.uninter.com\/radio\/wp-json\/wp\/v2\/tags?post=33796"}],"curies":[{"name":"wp","href":"https:\/\/api.w.org\/{rel}","templated":true}]}}