{"id":33752,"date":"2022-07-22T22:02:48","date_gmt":"2022-07-23T01:02:48","guid":{"rendered":"https:\/\/www.uninter.com\/radio\/?p=33752"},"modified":"2022-07-25T09:44:47","modified_gmt":"2022-07-25T12:44:47","slug":"transito-e-mobilidade-o-impacto-de-um-curso-de-gestao-de-transito-e-mobilidade-urbana","status":"publish","type":"post","link":"https:\/\/www.uninter.com\/radio\/transito-e-mobilidade-o-impacto-de-um-curso-de-gestao-de-transito-e-mobilidade-urbana","title":{"rendered":"Tr\u00e2nsito e Mobilidade | O impacto de um curso de Gest\u00e3o de Tr\u00e2nsito e Mobilidade Urbana"},"content":{"rendered":"\n<figure class=\"wp-block-audio\"><audio controls src=\"https:\/\/www.uninter.com\/radio\/wp-content\/uploads\/2022\/07\/22-07-2022-Transito-e-Mobilidade-_-O-impacto-de-um-curso-de-Gestao-de-Transito-e-Mobilidade-Urbana_mixagem.mp3\"><\/audio><\/figure>\n\n\n\n<p>Nesta edi\u00e7\u00e3o (22) os professores do curso de Tr\u00e2nsito e Mobilidade Urbana Gerson Buczenko e Valdilson Lopes conversam sobre o impacto de um curso superior de Gest\u00e3o de Tr\u00e2nsito e Mobilidade Urbana na sociedade brasileira. Acompanhe!<\/p>\n","protected":false},"excerpt":{"rendered":"<p>Nesta edi\u00e7\u00e3o (22) os professores do curso de Tr\u00e2nsito e Mobilidade Urbana Gerson Buczenko e&#8230;<\/p>\n","protected":false},"author":3,"featured_media":33729,"comment_status":"open","ping_status":"open","sticky":false,"template":"","format":"standard","meta":[],"categories":[2718],"tags":[2027,627,2819,100],"_links":{"self":[{"href":"https:\/\/www.uninter.com\/radio\/wp-json\/wp\/v2\/posts\/33752"}],"collection":[{"href":"https:\/\/www.uninter.com\/radio\/wp-json\/wp\/v2\/posts"}],"about":[{"href":"https:\/\/www.uninter.com\/radio\/wp-json\/wp\/v2\/types\/post"}],"author":[{"embeddable":true,"href":"https:\/\/www.uninter.com\/radio\/wp-json\/wp\/v2\/users\/3"}],"replies":[{"embeddable":true,"href":"https:\/\/www.uninter.com\/radio\/wp-json\/wp\/v2\/comments?post=33752"}],"version-history":[{"count":2,"href":"https:\/\/www.uninter.com\/radio\/wp-json\/wp\/v2\/posts\/33752\/revisions"}],"predecessor-version":[{"id":33755,"href":"https:\/\/www.uninter.com\/radio\/wp-json\/wp\/v2\/posts\/33752\/revisions\/33755"}],"wp:featuredmedia":[{"embeddable":true,"href":"https:\/\/www.uninter.com\/radio\/wp-json\/wp\/v2\/media\/33729"}],"wp:attachment":[{"href":"https:\/\/www.uninter.com\/radio\/wp-json\/wp\/v2\/media?parent=33752"}],"wp:term":[{"taxonomy":"category","embeddable":true,"href":"https:\/\/www.uninter.com\/radio\/wp-json\/wp\/v2\/categories?post=33752"},{"taxonomy":"post_tag","embeddable":true,"href":"https:\/\/www.uninter.com\/radio\/wp-json\/wp\/v2\/tags?post=33752"}],"curies":[{"name":"wp","href":"https:\/\/api.w.org\/{rel}","templated":true}]}}