{"id":33748,"date":"2022-07-22T21:38:05","date_gmt":"2022-07-23T00:38:05","guid":{"rendered":"https:\/\/www.uninter.com\/radio\/?p=33748"},"modified":"2022-08-02T14:34:59","modified_gmt":"2022-08-02T17:34:59","slug":"atualidades-da-educacao-o-que-e-o-5g","status":"publish","type":"post","link":"https:\/\/www.uninter.com\/radio\/atualidades-da-educacao-o-que-e-o-5g","title":{"rendered":"Atualidades da Educa\u00e7\u00e3o | O que \u00e9 o 5G?"},"content":{"rendered":"\n<figure class=\"wp-block-audio\"><audio controls src=\"https:\/\/www.uninter.com\/radio\/wp-content\/uploads\/2022\/07\/20-07-22-Atualidades-da-Educacao-_-O-que-e-o-5G__mixagem.mp3\"><\/audio><\/figure>\n\n\n\n<p>Acompanhe os professores Alvino Moser, Andr\u00e9 Guerra e Armando Kolbe Jr. na explica\u00e7\u00e3o do que \u00e9 o 5G e suas implica\u00e7\u00f5es no cotidiano da educa\u00e7\u00e3o e da tecnologia.<\/p>\n","protected":false},"excerpt":{"rendered":"<p>Acompanhe os professores Alvino Moser, Andr\u00e9 Guerra e Armando Kolbe Jr. na explica\u00e7\u00e3o do que&#8230;<\/p>\n","protected":false},"author":3,"featured_media":33674,"comment_status":"open","ping_status":"open","sticky":false,"template":"","format":"standard","meta":[],"categories":[2760],"tags":[2831,2808,135,627,100],"_links":{"self":[{"href":"https:\/\/www.uninter.com\/radio\/wp-json\/wp\/v2\/posts\/33748"}],"collection":[{"href":"https:\/\/www.uninter.com\/radio\/wp-json\/wp\/v2\/posts"}],"about":[{"href":"https:\/\/www.uninter.com\/radio\/wp-json\/wp\/v2\/types\/post"}],"author":[{"embeddable":true,"href":"https:\/\/www.uninter.com\/radio\/wp-json\/wp\/v2\/users\/3"}],"replies":[{"embeddable":true,"href":"https:\/\/www.uninter.com\/radio\/wp-json\/wp\/v2\/comments?post=33748"}],"version-history":[{"count":2,"href":"https:\/\/www.uninter.com\/radio\/wp-json\/wp\/v2\/posts\/33748\/revisions"}],"predecessor-version":[{"id":33761,"href":"https:\/\/www.uninter.com\/radio\/wp-json\/wp\/v2\/posts\/33748\/revisions\/33761"}],"wp:featuredmedia":[{"embeddable":true,"href":"https:\/\/www.uninter.com\/radio\/wp-json\/wp\/v2\/media\/33674"}],"wp:attachment":[{"href":"https:\/\/www.uninter.com\/radio\/wp-json\/wp\/v2\/media?parent=33748"}],"wp:term":[{"taxonomy":"category","embeddable":true,"href":"https:\/\/www.uninter.com\/radio\/wp-json\/wp\/v2\/categories?post=33748"},{"taxonomy":"post_tag","embeddable":true,"href":"https:\/\/www.uninter.com\/radio\/wp-json\/wp\/v2\/tags?post=33748"}],"curies":[{"name":"wp","href":"https:\/\/api.w.org\/{rel}","templated":true}]}}