{"id":33726,"date":"2022-07-22T19:41:01","date_gmt":"2022-07-22T22:41:01","guid":{"rendered":"https:\/\/www.uninter.com\/radio\/?p=33726"},"modified":"2022-07-25T16:03:52","modified_gmt":"2022-07-25T19:03:52","slug":"sua-carreira-gestao-de-recursos-humanos","status":"publish","type":"post","link":"https:\/\/www.uninter.com\/radio\/sua-carreira-gestao-de-recursos-humanos","title":{"rendered":"Sua Carreira | Gest\u00e3o de Recursos Humanos"},"content":{"rendered":"\n<figure class=\"wp-block-audio\"><audio controls src=\"https:\/\/www.uninter.com\/radio\/wp-content\/uploads\/2022\/07\/08-07-2022-sua-carreira-gestao-de-recursos-humanos_mixagem.mp3\"><\/audio><\/figure>\n\n\n\n<p>Na edi\u00e7\u00e3o hoje (8) vamos conversar com a professora Elizabeth Nery Sinnott sobre o mercado de trabalho e os aspectos profissionais da \u00e1rea de Recursos Humanos. Elizabeth \u00e9 tutora do curso de Gest\u00e3o de Recursos Humanos da Uninter. Acompanhe \u00e9 ao vivo!<\/p>\n","protected":false},"excerpt":{"rendered":"<p>Na edi\u00e7\u00e3o hoje (8) vamos conversar com a professora Elizabeth Nery Sinnott sobre o mercado&#8230;<\/p>\n","protected":false},"author":3,"featured_media":33691,"comment_status":"open","ping_status":"open","sticky":false,"template":"","format":"standard","meta":[],"categories":[2711],"tags":[330,627,312,346,100],"_links":{"self":[{"href":"https:\/\/www.uninter.com\/radio\/wp-json\/wp\/v2\/posts\/33726"}],"collection":[{"href":"https:\/\/www.uninter.com\/radio\/wp-json\/wp\/v2\/posts"}],"about":[{"href":"https:\/\/www.uninter.com\/radio\/wp-json\/wp\/v2\/types\/post"}],"author":[{"embeddable":true,"href":"https:\/\/www.uninter.com\/radio\/wp-json\/wp\/v2\/users\/3"}],"replies":[{"embeddable":true,"href":"https:\/\/www.uninter.com\/radio\/wp-json\/wp\/v2\/comments?post=33726"}],"version-history":[{"count":2,"href":"https:\/\/www.uninter.com\/radio\/wp-json\/wp\/v2\/posts\/33726\/revisions"}],"predecessor-version":[{"id":33779,"href":"https:\/\/www.uninter.com\/radio\/wp-json\/wp\/v2\/posts\/33726\/revisions\/33779"}],"wp:featuredmedia":[{"embeddable":true,"href":"https:\/\/www.uninter.com\/radio\/wp-json\/wp\/v2\/media\/33691"}],"wp:attachment":[{"href":"https:\/\/www.uninter.com\/radio\/wp-json\/wp\/v2\/media?parent=33726"}],"wp:term":[{"taxonomy":"category","embeddable":true,"href":"https:\/\/www.uninter.com\/radio\/wp-json\/wp\/v2\/categories?post=33726"},{"taxonomy":"post_tag","embeddable":true,"href":"https:\/\/www.uninter.com\/radio\/wp-json\/wp\/v2\/tags?post=33726"}],"curies":[{"name":"wp","href":"https:\/\/api.w.org\/{rel}","templated":true}]}}