{"id":33724,"date":"2022-07-22T19:39:08","date_gmt":"2022-07-22T22:39:08","guid":{"rendered":"https:\/\/www.uninter.com\/radio\/?p=33724"},"modified":"2022-07-25T16:04:37","modified_gmt":"2022-07-25T19:04:37","slug":"diversos-da-pos-bullying-e-suas-manifestacoes-no-contexto-escolar","status":"publish","type":"post","link":"https:\/\/www.uninter.com\/radio\/diversos-da-pos-bullying-e-suas-manifestacoes-no-contexto-escolar","title":{"rendered":"Diversos da P\u00f3s | Bullying e suas manifesta\u00e7\u00f5es no contexto escolar"},"content":{"rendered":"\n<figure class=\"wp-block-audio\"><audio controls src=\"https:\/\/www.uninter.com\/radio\/wp-content\/uploads\/2022\/07\/07-07-2022-diversos-da-pos-bullying-e-suas-manifestacoes-no-contexto-escolar_mixagem.mp3\"><\/audio><\/figure>\n\n\n\n<p>Saiba os impactos do bullying nos jovens do contexto escolar na transmiss\u00e3o do Diversos da P\u00f3s desta semana.<\/p>\n","protected":false},"excerpt":{"rendered":"<p>Saiba os impactos do bullying nos jovens do contexto escolar na transmiss\u00e3o do Diversos da&#8230;<\/p>\n","protected":false},"author":3,"featured_media":30518,"comment_status":"open","ping_status":"open","sticky":false,"template":"","format":"standard","meta":[],"categories":[2704],"tags":[2817,2816,2818,627,100],"_links":{"self":[{"href":"https:\/\/www.uninter.com\/radio\/wp-json\/wp\/v2\/posts\/33724"}],"collection":[{"href":"https:\/\/www.uninter.com\/radio\/wp-json\/wp\/v2\/posts"}],"about":[{"href":"https:\/\/www.uninter.com\/radio\/wp-json\/wp\/v2\/types\/post"}],"author":[{"embeddable":true,"href":"https:\/\/www.uninter.com\/radio\/wp-json\/wp\/v2\/users\/3"}],"replies":[{"embeddable":true,"href":"https:\/\/www.uninter.com\/radio\/wp-json\/wp\/v2\/comments?post=33724"}],"version-history":[{"count":2,"href":"https:\/\/www.uninter.com\/radio\/wp-json\/wp\/v2\/posts\/33724\/revisions"}],"predecessor-version":[{"id":33781,"href":"https:\/\/www.uninter.com\/radio\/wp-json\/wp\/v2\/posts\/33724\/revisions\/33781"}],"wp:featuredmedia":[{"embeddable":true,"href":"https:\/\/www.uninter.com\/radio\/wp-json\/wp\/v2\/media\/30518"}],"wp:attachment":[{"href":"https:\/\/www.uninter.com\/radio\/wp-json\/wp\/v2\/media?parent=33724"}],"wp:term":[{"taxonomy":"category","embeddable":true,"href":"https:\/\/www.uninter.com\/radio\/wp-json\/wp\/v2\/categories?post=33724"},{"taxonomy":"post_tag","embeddable":true,"href":"https:\/\/www.uninter.com\/radio\/wp-json\/wp\/v2\/tags?post=33724"}],"curies":[{"name":"wp","href":"https:\/\/api.w.org\/{rel}","templated":true}]}}