{"id":33722,"date":"2022-07-22T19:33:51","date_gmt":"2022-07-22T22:33:51","guid":{"rendered":"https:\/\/www.uninter.com\/radio\/?p=33722"},"modified":"2022-07-25T16:05:12","modified_gmt":"2022-07-25T19:05:12","slug":"chave-interdisciplinar-fisica-no-cotidiano-eu-uso-e-nem-sabia","status":"publish","type":"post","link":"https:\/\/www.uninter.com\/radio\/chave-interdisciplinar-fisica-no-cotidiano-eu-uso-e-nem-sabia","title":{"rendered":"Chave Interdisciplinar | F\u00edsica no cotidiano: eu uso e nem sabia!"},"content":{"rendered":"\n<figure class=\"wp-block-audio\"><audio controls src=\"https:\/\/www.uninter.com\/radio\/wp-content\/uploads\/2022\/07\/07-07-2022-Chave-Interdisciplinar-_-Fisica-no-cotidiano_-eu-uso-e-nem-sabia_mixagem.mp3\"><\/audio><\/figure>\n\n\n\n<p>Voc\u00ea j\u00e1 se deu conta do tanto do aprendizado de f\u00edsica \u00e9 usado no seu dia a dia? Esse \u00e9 o tema do Chave Interdisciplinar da vez, com participa\u00e7\u00e3o dos professores Dinamara Pereira Machado, Fl\u00e1via da Rocha e Daniel Tedesco. Acompanhe e participe!<\/p>\n","protected":false},"excerpt":{"rendered":"<p>Voc\u00ea j\u00e1 se deu conta do tanto do aprendizado de f\u00edsica \u00e9 usado no seu&#8230;<\/p>\n","protected":false},"author":3,"featured_media":33668,"comment_status":"open","ping_status":"open","sticky":false,"template":"","format":"standard","meta":[],"categories":[2735],"tags":[2813,2814,2815,627,100],"_links":{"self":[{"href":"https:\/\/www.uninter.com\/radio\/wp-json\/wp\/v2\/posts\/33722"}],"collection":[{"href":"https:\/\/www.uninter.com\/radio\/wp-json\/wp\/v2\/posts"}],"about":[{"href":"https:\/\/www.uninter.com\/radio\/wp-json\/wp\/v2\/types\/post"}],"author":[{"embeddable":true,"href":"https:\/\/www.uninter.com\/radio\/wp-json\/wp\/v2\/users\/3"}],"replies":[{"embeddable":true,"href":"https:\/\/www.uninter.com\/radio\/wp-json\/wp\/v2\/comments?post=33722"}],"version-history":[{"count":2,"href":"https:\/\/www.uninter.com\/radio\/wp-json\/wp\/v2\/posts\/33722\/revisions"}],"predecessor-version":[{"id":33783,"href":"https:\/\/www.uninter.com\/radio\/wp-json\/wp\/v2\/posts\/33722\/revisions\/33783"}],"wp:featuredmedia":[{"embeddable":true,"href":"https:\/\/www.uninter.com\/radio\/wp-json\/wp\/v2\/media\/33668"}],"wp:attachment":[{"href":"https:\/\/www.uninter.com\/radio\/wp-json\/wp\/v2\/media?parent=33722"}],"wp:term":[{"taxonomy":"category","embeddable":true,"href":"https:\/\/www.uninter.com\/radio\/wp-json\/wp\/v2\/categories?post=33722"},{"taxonomy":"post_tag","embeddable":true,"href":"https:\/\/www.uninter.com\/radio\/wp-json\/wp\/v2\/tags?post=33722"}],"curies":[{"name":"wp","href":"https:\/\/api.w.org\/{rel}","templated":true}]}}