{"id":33719,"date":"2022-07-22T19:31:52","date_gmt":"2022-07-22T22:31:52","guid":{"rendered":"https:\/\/www.uninter.com\/radio\/?p=33719"},"modified":"2022-07-25T16:05:55","modified_gmt":"2022-07-25T19:05:55","slug":"hipermidia-os-desafios-da-assessoria-de-imprensa-no-ambiente-corporativo","status":"publish","type":"post","link":"https:\/\/www.uninter.com\/radio\/hipermidia-os-desafios-da-assessoria-de-imprensa-no-ambiente-corporativo","title":{"rendered":"Hiperm\u00eddia | Os desafios da assessoria de imprensa no ambiente corporativo"},"content":{"rendered":"\n<figure class=\"wp-block-audio\"><audio controls src=\"https:\/\/www.uninter.com\/radio\/wp-content\/uploads\/2022\/07\/06-07-2022-hipermidia-os-desafios-da-assessoria-de-imprensa-no-ambiente-corporativo_mixagem.mp3\"><\/audio><\/figure>\n\n\n\n<p>A edi\u00e7\u00e3o de julho do programa Hiperm\u00eddia fala sobre os desafios da assessoria de imprensa no ambiente corporativo. Para o bate-papo, Edna Gamboa Chimenes e Cl\u00f3vis Teixeira Filho recebem Alex Bark, analista de comunica\u00e7\u00e3o institucional da Uninter. Participe!<\/p>\n","protected":false},"excerpt":{"rendered":"<p>A edi\u00e7\u00e3o de julho do programa Hiperm\u00eddia fala sobre os desafios da assessoria de imprensa&#8230;<\/p>\n","protected":false},"author":3,"featured_media":33720,"comment_status":"open","ping_status":"open","sticky":false,"template":"","format":"standard","meta":[],"categories":[2765],"tags":[2811,2810,2812,627,100],"_links":{"self":[{"href":"https:\/\/www.uninter.com\/radio\/wp-json\/wp\/v2\/posts\/33719"}],"collection":[{"href":"https:\/\/www.uninter.com\/radio\/wp-json\/wp\/v2\/posts"}],"about":[{"href":"https:\/\/www.uninter.com\/radio\/wp-json\/wp\/v2\/types\/post"}],"author":[{"embeddable":true,"href":"https:\/\/www.uninter.com\/radio\/wp-json\/wp\/v2\/users\/3"}],"replies":[{"embeddable":true,"href":"https:\/\/www.uninter.com\/radio\/wp-json\/wp\/v2\/comments?post=33719"}],"version-history":[{"count":2,"href":"https:\/\/www.uninter.com\/radio\/wp-json\/wp\/v2\/posts\/33719\/revisions"}],"predecessor-version":[{"id":33785,"href":"https:\/\/www.uninter.com\/radio\/wp-json\/wp\/v2\/posts\/33719\/revisions\/33785"}],"wp:featuredmedia":[{"embeddable":true,"href":"https:\/\/www.uninter.com\/radio\/wp-json\/wp\/v2\/media\/33720"}],"wp:attachment":[{"href":"https:\/\/www.uninter.com\/radio\/wp-json\/wp\/v2\/media?parent=33719"}],"wp:term":[{"taxonomy":"category","embeddable":true,"href":"https:\/\/www.uninter.com\/radio\/wp-json\/wp\/v2\/categories?post=33719"},{"taxonomy":"post_tag","embeddable":true,"href":"https:\/\/www.uninter.com\/radio\/wp-json\/wp\/v2\/tags?post=33719"}],"curies":[{"name":"wp","href":"https:\/\/api.w.org\/{rel}","templated":true}]}}