{"id":33704,"date":"2022-07-22T18:50:49","date_gmt":"2022-07-22T21:50:49","guid":{"rendered":"https:\/\/www.uninter.com\/radio\/?p=33704"},"modified":"2022-07-25T17:14:14","modified_gmt":"2022-07-25T20:14:14","slug":"talento-em-foco-como-elaborar-um-curriculo%ef%bf%bc","status":"publish","type":"post","link":"https:\/\/www.uninter.com\/radio\/talento-em-foco-como-elaborar-um-curriculo%ef%bf%bc","title":{"rendered":"Talento em Foco | Como elaborar um curr\u00edculo?"},"content":{"rendered":"\n<figure class=\"wp-block-audio\"><audio controls src=\"https:\/\/www.uninter.com\/radio\/wp-content\/uploads\/2022\/07\/04-07-2022-talento-em-foco-como-elaborar-um-curriculo-_mixagem.mp3\"><\/audio><\/figure>\n\n\n\n<p>Voc\u00ea sabe quais s\u00e3o principais erros ao preencher um curr\u00edculo? Saiba mais sobre os pr\u00f3s e contras na hora de produzir um curr\u00edculo. Na edi\u00e7\u00e3o de hoje (4), recebemos a professora e mentora de capital humano Erika Lotz para falar sobre o assunto. Acompanhe!<\/p>\n","protected":false},"excerpt":{"rendered":"<p>Voc\u00ea sabe quais s\u00e3o principais erros ao preencher um curr\u00edculo? Saiba mais sobre os pr\u00f3s&#8230;<\/p>\n","protected":false},"author":3,"featured_media":31128,"comment_status":"open","ping_status":"open","sticky":false,"template":"","format":"standard","meta":[],"categories":[2723],"tags":[2801,436,627,2800,100],"_links":{"self":[{"href":"https:\/\/www.uninter.com\/radio\/wp-json\/wp\/v2\/posts\/33704"}],"collection":[{"href":"https:\/\/www.uninter.com\/radio\/wp-json\/wp\/v2\/posts"}],"about":[{"href":"https:\/\/www.uninter.com\/radio\/wp-json\/wp\/v2\/types\/post"}],"author":[{"embeddable":true,"href":"https:\/\/www.uninter.com\/radio\/wp-json\/wp\/v2\/users\/3"}],"replies":[{"embeddable":true,"href":"https:\/\/www.uninter.com\/radio\/wp-json\/wp\/v2\/comments?post=33704"}],"version-history":[{"count":3,"href":"https:\/\/www.uninter.com\/radio\/wp-json\/wp\/v2\/posts\/33704\/revisions"}],"predecessor-version":[{"id":33795,"href":"https:\/\/www.uninter.com\/radio\/wp-json\/wp\/v2\/posts\/33704\/revisions\/33795"}],"wp:featuredmedia":[{"embeddable":true,"href":"https:\/\/www.uninter.com\/radio\/wp-json\/wp\/v2\/media\/31128"}],"wp:attachment":[{"href":"https:\/\/www.uninter.com\/radio\/wp-json\/wp\/v2\/media?parent=33704"}],"wp:term":[{"taxonomy":"category","embeddable":true,"href":"https:\/\/www.uninter.com\/radio\/wp-json\/wp\/v2\/categories?post=33704"},{"taxonomy":"post_tag","embeddable":true,"href":"https:\/\/www.uninter.com\/radio\/wp-json\/wp\/v2\/tags?post=33704"}],"curies":[{"name":"wp","href":"https:\/\/api.w.org\/{rel}","templated":true}]}}