{"id":33676,"date":"2022-07-22T14:33:48","date_gmt":"2022-07-22T17:33:48","guid":{"rendered":"https:\/\/www.uninter.com\/radio\/?p=33676"},"modified":"2022-07-22T14:34:10","modified_gmt":"2022-07-22T17:34:10","slug":"saude-em-foco-estagio-e-o-processo-de-formacao-profissional","status":"publish","type":"post","link":"https:\/\/www.uninter.com\/radio\/saude-em-foco-estagio-e-o-processo-de-formacao-profissional","title":{"rendered":"Sa\u00fade em Foco | Est\u00e1gio e o processo de forma\u00e7\u00e3o profissional"},"content":{"rendered":"\n<figure class=\"wp-block-audio\"><audio controls src=\"https:\/\/www.uninter.com\/radio\/wp-content\/uploads\/2022\/07\/28-06-2022_Saude-em-Foco-_-Estagio-e-o-processo-de-formacao-profissional_mixagem.mp3\"><\/audio><\/figure>\n\n\n\n<p>O Sua Sa\u00fade est\u00e1 de cara nova! Agora ele \u00e9 o Sa\u00fade em Foco, programa que trata de todos os assuntos relacionados ao universo da sa\u00fade. Nessa primeira edi\u00e7\u00e3o recebemos os professores do curso de servi\u00e7o social, Adriane Baglioli e Marcos Klazura, para falarmos sobre o est\u00e1gio e o processo de forma\u00e7\u00e3o profissional. Acompanhe!<\/p>\n","protected":false},"excerpt":{"rendered":"<p>O Sua Sa\u00fade est\u00e1 de cara nova! Agora ele \u00e9 o Sa\u00fade em Foco, programa&#8230;<\/p>\n","protected":false},"author":3,"featured_media":33678,"comment_status":"open","ping_status":"open","sticky":false,"template":"","format":"standard","meta":[],"categories":[2790],"tags":[433,2791,627,196,100],"_links":{"self":[{"href":"https:\/\/www.uninter.com\/radio\/wp-json\/wp\/v2\/posts\/33676"}],"collection":[{"href":"https:\/\/www.uninter.com\/radio\/wp-json\/wp\/v2\/posts"}],"about":[{"href":"https:\/\/www.uninter.com\/radio\/wp-json\/wp\/v2\/types\/post"}],"author":[{"embeddable":true,"href":"https:\/\/www.uninter.com\/radio\/wp-json\/wp\/v2\/users\/3"}],"replies":[{"embeddable":true,"href":"https:\/\/www.uninter.com\/radio\/wp-json\/wp\/v2\/comments?post=33676"}],"version-history":[{"count":1,"href":"https:\/\/www.uninter.com\/radio\/wp-json\/wp\/v2\/posts\/33676\/revisions"}],"predecessor-version":[{"id":33679,"href":"https:\/\/www.uninter.com\/radio\/wp-json\/wp\/v2\/posts\/33676\/revisions\/33679"}],"wp:featuredmedia":[{"embeddable":true,"href":"https:\/\/www.uninter.com\/radio\/wp-json\/wp\/v2\/media\/33678"}],"wp:attachment":[{"href":"https:\/\/www.uninter.com\/radio\/wp-json\/wp\/v2\/media?parent=33676"}],"wp:term":[{"taxonomy":"category","embeddable":true,"href":"https:\/\/www.uninter.com\/radio\/wp-json\/wp\/v2\/categories?post=33676"},{"taxonomy":"post_tag","embeddable":true,"href":"https:\/\/www.uninter.com\/radio\/wp-json\/wp\/v2\/tags?post=33676"}],"curies":[{"name":"wp","href":"https:\/\/api.w.org\/{rel}","templated":true}]}}