{"id":33666,"date":"2022-07-22T14:16:44","date_gmt":"2022-07-22T17:16:44","guid":{"rendered":"https:\/\/www.uninter.com\/radio\/?p=33666"},"modified":"2022-07-22T14:17:52","modified_gmt":"2022-07-22T17:17:52","slug":"chave-interdisciplinar-leitura-e-intermidias-o-que-pensam-as-imagens%ef%bf%bc","status":"publish","type":"post","link":"https:\/\/www.uninter.com\/radio\/chave-interdisciplinar-leitura-e-intermidias-o-que-pensam-as-imagens%ef%bf%bc","title":{"rendered":"Chave Interdisciplinar | Leitura e interm\u00eddias: como pensam as imagens?"},"content":{"rendered":"\n<figure class=\"wp-block-audio\"><audio controls src=\"https:\/\/www.uninter.com\/radio\/wp-content\/uploads\/2022\/07\/30-06-2022_Chave-Interdisciplinar-_-Leitura-e-intermidias_-o-que-pensam-as-imagens__mixagem.mp3\"><\/audio><\/figure>\n\n\n\n<p>Na edi\u00e7\u00e3o de hoje do programa Chave Interdisciplinar vamos debater sobre a leitura e interm\u00eddias: o que pensam as imagens? Para isso recebemos Prof. Me. Danielle Fracaro da Cruz, Prof. Esp. Thays Carvalho Cesar, com media\u00e7\u00e3o de Prof. Dr. Deisily de Quadros. Acompanhe e participe!<\/p>\n","protected":false},"excerpt":{"rendered":"<p>Na edi\u00e7\u00e3o de hoje do programa Chave Interdisciplinar vamos debater sobre a leitura e interm\u00eddias:&#8230;<\/p>\n","protected":false},"author":3,"featured_media":33668,"comment_status":"open","ping_status":"open","sticky":false,"template":"","format":"standard","meta":[],"categories":[2735],"tags":[2788,2789,115,627,100],"_links":{"self":[{"href":"https:\/\/www.uninter.com\/radio\/wp-json\/wp\/v2\/posts\/33666"}],"collection":[{"href":"https:\/\/www.uninter.com\/radio\/wp-json\/wp\/v2\/posts"}],"about":[{"href":"https:\/\/www.uninter.com\/radio\/wp-json\/wp\/v2\/types\/post"}],"author":[{"embeddable":true,"href":"https:\/\/www.uninter.com\/radio\/wp-json\/wp\/v2\/users\/3"}],"replies":[{"embeddable":true,"href":"https:\/\/www.uninter.com\/radio\/wp-json\/wp\/v2\/comments?post=33666"}],"version-history":[{"count":2,"href":"https:\/\/www.uninter.com\/radio\/wp-json\/wp\/v2\/posts\/33666\/revisions"}],"predecessor-version":[{"id":33671,"href":"https:\/\/www.uninter.com\/radio\/wp-json\/wp\/v2\/posts\/33666\/revisions\/33671"}],"wp:featuredmedia":[{"embeddable":true,"href":"https:\/\/www.uninter.com\/radio\/wp-json\/wp\/v2\/media\/33668"}],"wp:attachment":[{"href":"https:\/\/www.uninter.com\/radio\/wp-json\/wp\/v2\/media?parent=33666"}],"wp:term":[{"taxonomy":"category","embeddable":true,"href":"https:\/\/www.uninter.com\/radio\/wp-json\/wp\/v2\/categories?post=33666"},{"taxonomy":"post_tag","embeddable":true,"href":"https:\/\/www.uninter.com\/radio\/wp-json\/wp\/v2\/tags?post=33666"}],"curies":[{"name":"wp","href":"https:\/\/api.w.org\/{rel}","templated":true}]}}