{"id":33637,"date":"2022-06-29T15:28:08","date_gmt":"2022-06-29T18:28:08","guid":{"rendered":"https:\/\/www.uninter.com\/radio\/?p=33637"},"modified":"2022-06-29T15:28:08","modified_gmt":"2022-06-29T18:28:08","slug":"sua-carreira-104-mbas-em-gestao-do-agronegocio","status":"publish","type":"post","link":"https:\/\/www.uninter.com\/radio\/sua-carreira-104-mbas-em-gestao-do-agronegocio","title":{"rendered":"Sua Carreira #104 &#8211; MBAs em gest\u00e3o do agroneg\u00f3cio"},"content":{"rendered":"\n<figure class=\"wp-block-audio\"><audio controls src=\"https:\/\/www.uninter.com\/radio\/wp-content\/uploads\/2022\/06\/sua-carreira-24_06_2022.mp3\"><\/audio><\/figure>\n\n\n\n<p>O Sua Carreira fala sobre a \u00e1rea de p\u00f3s-gradua\u00e7\u00e3o em agroneg\u00f3cio da Uninter. Na conversa, vamos esplanar sobre os cursos de MBA em gest\u00e3o do agroneg\u00f3cio: gr\u00e3os, gado e sociedade 5.0 e tamb\u00e9m o MBA em gest\u00e3o financeira do agroneg\u00f3cio.<\/p>\n\n\n\n<p>Para o bate-papo, Evandro Tosin recebe o coordenador Alexandre de Andrade.<\/p>\n","protected":false},"excerpt":{"rendered":"<p>O Sua Carreira fala sobre a \u00e1rea de p\u00f3s-gradua\u00e7\u00e3o em agroneg\u00f3cio da Uninter. Na conversa,&#8230;<\/p>\n","protected":false},"author":3,"featured_media":31092,"comment_status":"open","ping_status":"open","sticky":false,"template":"","format":"standard","meta":[],"categories":[2711],"tags":[],"_links":{"self":[{"href":"https:\/\/www.uninter.com\/radio\/wp-json\/wp\/v2\/posts\/33637"}],"collection":[{"href":"https:\/\/www.uninter.com\/radio\/wp-json\/wp\/v2\/posts"}],"about":[{"href":"https:\/\/www.uninter.com\/radio\/wp-json\/wp\/v2\/types\/post"}],"author":[{"embeddable":true,"href":"https:\/\/www.uninter.com\/radio\/wp-json\/wp\/v2\/users\/3"}],"replies":[{"embeddable":true,"href":"https:\/\/www.uninter.com\/radio\/wp-json\/wp\/v2\/comments?post=33637"}],"version-history":[{"count":1,"href":"https:\/\/www.uninter.com\/radio\/wp-json\/wp\/v2\/posts\/33637\/revisions"}],"predecessor-version":[{"id":33639,"href":"https:\/\/www.uninter.com\/radio\/wp-json\/wp\/v2\/posts\/33637\/revisions\/33639"}],"wp:featuredmedia":[{"embeddable":true,"href":"https:\/\/www.uninter.com\/radio\/wp-json\/wp\/v2\/media\/31092"}],"wp:attachment":[{"href":"https:\/\/www.uninter.com\/radio\/wp-json\/wp\/v2\/media?parent=33637"}],"wp:term":[{"taxonomy":"category","embeddable":true,"href":"https:\/\/www.uninter.com\/radio\/wp-json\/wp\/v2\/categories?post=33637"},{"taxonomy":"post_tag","embeddable":true,"href":"https:\/\/www.uninter.com\/radio\/wp-json\/wp\/v2\/tags?post=33637"}],"curies":[{"name":"wp","href":"https:\/\/api.w.org\/{rel}","templated":true}]}}