{"id":33620,"date":"2022-06-15T17:24:56","date_gmt":"2022-06-15T20:24:56","guid":{"rendered":"https:\/\/www.uninter.com\/radio\/?p=33620"},"modified":"2022-06-15T17:25:33","modified_gmt":"2022-06-15T20:25:33","slug":"sua-saude-112-edicao-especial","status":"publish","type":"post","link":"https:\/\/www.uninter.com\/radio\/sua-saude-112-edicao-especial","title":{"rendered":"Sua Sa\u00fade #112 (Edi\u00e7\u00e3o especial)"},"content":{"rendered":"\n<figure class=\"wp-block-audio\"><audio controls src=\"https:\/\/www.uninter.com\/radio\/wp-content\/uploads\/2022\/06\/sua-saude-15_06_2022.mp3\"><\/audio><\/figure>\n\n\n\n<p>O programa Sua Sa\u00fade traz uma edi\u00e7\u00e3o especial para falarmos sobre o Dia Mundial de Conscientiza\u00e7\u00e3o da Viol\u00eancia contra a Pessoa Idosa.<\/p>\n\n\n\n<p>Para a conversa recebemos o delegado F\u00e1bio Machado e Maria Caroline Waldrigues, coordenadora dos cursos de gerontologia aqui da Uninter.<\/p>\n","protected":false},"excerpt":{"rendered":"<p>O programa Sua Sa\u00fade traz uma edi\u00e7\u00e3o especial para falarmos sobre o Dia Mundial de&#8230;<\/p>\n","protected":false},"author":3,"featured_media":31131,"comment_status":"open","ping_status":"open","sticky":false,"template":"","format":"standard","meta":[],"categories":[2716],"tags":[],"_links":{"self":[{"href":"https:\/\/www.uninter.com\/radio\/wp-json\/wp\/v2\/posts\/33620"}],"collection":[{"href":"https:\/\/www.uninter.com\/radio\/wp-json\/wp\/v2\/posts"}],"about":[{"href":"https:\/\/www.uninter.com\/radio\/wp-json\/wp\/v2\/types\/post"}],"author":[{"embeddable":true,"href":"https:\/\/www.uninter.com\/radio\/wp-json\/wp\/v2\/users\/3"}],"replies":[{"embeddable":true,"href":"https:\/\/www.uninter.com\/radio\/wp-json\/wp\/v2\/comments?post=33620"}],"version-history":[{"count":1,"href":"https:\/\/www.uninter.com\/radio\/wp-json\/wp\/v2\/posts\/33620\/revisions"}],"predecessor-version":[{"id":33622,"href":"https:\/\/www.uninter.com\/radio\/wp-json\/wp\/v2\/posts\/33620\/revisions\/33622"}],"wp:featuredmedia":[{"embeddable":true,"href":"https:\/\/www.uninter.com\/radio\/wp-json\/wp\/v2\/media\/31131"}],"wp:attachment":[{"href":"https:\/\/www.uninter.com\/radio\/wp-json\/wp\/v2\/media?parent=33620"}],"wp:term":[{"taxonomy":"category","embeddable":true,"href":"https:\/\/www.uninter.com\/radio\/wp-json\/wp\/v2\/categories?post=33620"},{"taxonomy":"post_tag","embeddable":true,"href":"https:\/\/www.uninter.com\/radio\/wp-json\/wp\/v2\/tags?post=33620"}],"curies":[{"name":"wp","href":"https:\/\/api.w.org\/{rel}","templated":true}]}}