{"id":33616,"date":"2022-06-15T09:51:03","date_gmt":"2022-06-15T12:51:03","guid":{"rendered":"https:\/\/www.uninter.com\/radio\/?p=33616"},"modified":"2022-06-15T09:51:04","modified_gmt":"2022-06-15T12:51:04","slug":"sua-saude-111","status":"publish","type":"post","link":"https:\/\/www.uninter.com\/radio\/sua-saude-111","title":{"rendered":"Sua Sa\u00fade #111"},"content":{"rendered":"\n<figure class=\"wp-block-audio\"><audio controls src=\"https:\/\/www.uninter.com\/radio\/wp-content\/uploads\/2022\/06\/sua-saude-14_06_2022.mp3\"><\/audio><\/figure>\n\n\n\n<p>O programa Sua Sa\u00fade esclarece as d\u00favidas sobre a s\u00edndrome do imobilismo. Para isso, Barbara Carvalho recebe a fisioterapeuta e professora, Fernanda Cercal.<\/p>\n","protected":false},"excerpt":{"rendered":"<p>O programa Sua Sa\u00fade esclarece as d\u00favidas sobre a s\u00edndrome do imobilismo. Para isso, Barbara&#8230;<\/p>\n","protected":false},"author":3,"featured_media":31131,"comment_status":"open","ping_status":"open","sticky":false,"template":"","format":"standard","meta":[],"categories":[2716],"tags":[],"_links":{"self":[{"href":"https:\/\/www.uninter.com\/radio\/wp-json\/wp\/v2\/posts\/33616"}],"collection":[{"href":"https:\/\/www.uninter.com\/radio\/wp-json\/wp\/v2\/posts"}],"about":[{"href":"https:\/\/www.uninter.com\/radio\/wp-json\/wp\/v2\/types\/post"}],"author":[{"embeddable":true,"href":"https:\/\/www.uninter.com\/radio\/wp-json\/wp\/v2\/users\/3"}],"replies":[{"embeddable":true,"href":"https:\/\/www.uninter.com\/radio\/wp-json\/wp\/v2\/comments?post=33616"}],"version-history":[{"count":1,"href":"https:\/\/www.uninter.com\/radio\/wp-json\/wp\/v2\/posts\/33616\/revisions"}],"predecessor-version":[{"id":33618,"href":"https:\/\/www.uninter.com\/radio\/wp-json\/wp\/v2\/posts\/33616\/revisions\/33618"}],"wp:featuredmedia":[{"embeddable":true,"href":"https:\/\/www.uninter.com\/radio\/wp-json\/wp\/v2\/media\/31131"}],"wp:attachment":[{"href":"https:\/\/www.uninter.com\/radio\/wp-json\/wp\/v2\/media?parent=33616"}],"wp:term":[{"taxonomy":"category","embeddable":true,"href":"https:\/\/www.uninter.com\/radio\/wp-json\/wp\/v2\/categories?post=33616"},{"taxonomy":"post_tag","embeddable":true,"href":"https:\/\/www.uninter.com\/radio\/wp-json\/wp\/v2\/tags?post=33616"}],"curies":[{"name":"wp","href":"https:\/\/api.w.org\/{rel}","templated":true}]}}