{"id":33603,"date":"2022-06-13T09:26:40","date_gmt":"2022-06-13T12:26:40","guid":{"rendered":"https:\/\/www.uninter.com\/radio\/?p=33603"},"modified":"2022-06-13T09:26:41","modified_gmt":"2022-06-13T12:26:41","slug":"inclusao-em-rede-74","status":"publish","type":"post","link":"https:\/\/www.uninter.com\/radio\/inclusao-em-rede-74","title":{"rendered":"Inclus\u00e3o em Rede #74"},"content":{"rendered":"\n<figure class=\"wp-block-audio\"><audio controls src=\"https:\/\/www.uninter.com\/radio\/wp-content\/uploads\/2022\/06\/inclusao-em-rede-10_06_2022-online-audio-converter.com_.mp3\"><\/audio><\/figure>\n\n\n\n<p>O programa Inclus\u00e3o em Rede fala sobre ensino na educa\u00e7\u00e3o especial e desenvolvimento humano. Quem vai esclarecer este assunto \u00e9 Gustavo Fran\u00e7a Silva, psicopedagogo clinico e professor da ESE Uninter.<\/p>\n","protected":false},"excerpt":{"rendered":"<p>O programa Inclus\u00e3o em Rede fala sobre ensino na educa\u00e7\u00e3o especial e desenvolvimento humano. Quem&#8230;<\/p>\n","protected":false},"author":3,"featured_media":31105,"comment_status":"open","ping_status":"open","sticky":false,"template":"","format":"standard","meta":[],"categories":[2727],"tags":[],"_links":{"self":[{"href":"https:\/\/www.uninter.com\/radio\/wp-json\/wp\/v2\/posts\/33603"}],"collection":[{"href":"https:\/\/www.uninter.com\/radio\/wp-json\/wp\/v2\/posts"}],"about":[{"href":"https:\/\/www.uninter.com\/radio\/wp-json\/wp\/v2\/types\/post"}],"author":[{"embeddable":true,"href":"https:\/\/www.uninter.com\/radio\/wp-json\/wp\/v2\/users\/3"}],"replies":[{"embeddable":true,"href":"https:\/\/www.uninter.com\/radio\/wp-json\/wp\/v2\/comments?post=33603"}],"version-history":[{"count":1,"href":"https:\/\/www.uninter.com\/radio\/wp-json\/wp\/v2\/posts\/33603\/revisions"}],"predecessor-version":[{"id":33605,"href":"https:\/\/www.uninter.com\/radio\/wp-json\/wp\/v2\/posts\/33603\/revisions\/33605"}],"wp:featuredmedia":[{"embeddable":true,"href":"https:\/\/www.uninter.com\/radio\/wp-json\/wp\/v2\/media\/31105"}],"wp:attachment":[{"href":"https:\/\/www.uninter.com\/radio\/wp-json\/wp\/v2\/media?parent=33603"}],"wp:term":[{"taxonomy":"category","embeddable":true,"href":"https:\/\/www.uninter.com\/radio\/wp-json\/wp\/v2\/categories?post=33603"},{"taxonomy":"post_tag","embeddable":true,"href":"https:\/\/www.uninter.com\/radio\/wp-json\/wp\/v2\/tags?post=33603"}],"curies":[{"name":"wp","href":"https:\/\/api.w.org\/{rel}","templated":true}]}}