{"id":33591,"date":"2022-06-13T09:10:08","date_gmt":"2022-06-13T12:10:08","guid":{"rendered":"https:\/\/www.uninter.com\/radio\/?p=33591"},"modified":"2022-06-13T09:10:08","modified_gmt":"2022-06-13T12:10:08","slug":"conversa-com-o-reitor-91","status":"publish","type":"post","link":"https:\/\/www.uninter.com\/radio\/conversa-com-o-reitor-91","title":{"rendered":"Conversa com o Reitor #91"},"content":{"rendered":"\n<figure class=\"wp-block-audio\"><audio controls src=\"https:\/\/www.uninter.com\/radio\/wp-content\/uploads\/2022\/06\/conversa-com-o-reitor-10_06_2022.mp3\"><\/audio><\/figure>\n\n\n\n<p>Dos dias 20 a 24 de junho a Uninter promove o 1\u00ba SIMP\u00d3S, o simp\u00f3sio sobre empregabilidade e educa\u00e7\u00e3o continuada da p\u00f3s-gradua\u00e7\u00e3o, e vamos ficar sabendo tudo sobre esse evento no programa Conversa com o Reitor. O bate-papo ser\u00e1 promovido entre Benhur Gaio e coordenadores respons\u00e1veis pela a\u00e7\u00e3o.<\/p>\n","protected":false},"excerpt":{"rendered":"<p>Dos dias 20 a 24 de junho a Uninter promove o 1\u00ba SIMP\u00d3S, o simp\u00f3sio&#8230;<\/p>\n","protected":false},"author":3,"featured_media":31088,"comment_status":"open","ping_status":"open","sticky":false,"template":"","format":"standard","meta":[],"categories":[2724],"tags":[],"_links":{"self":[{"href":"https:\/\/www.uninter.com\/radio\/wp-json\/wp\/v2\/posts\/33591"}],"collection":[{"href":"https:\/\/www.uninter.com\/radio\/wp-json\/wp\/v2\/posts"}],"about":[{"href":"https:\/\/www.uninter.com\/radio\/wp-json\/wp\/v2\/types\/post"}],"author":[{"embeddable":true,"href":"https:\/\/www.uninter.com\/radio\/wp-json\/wp\/v2\/users\/3"}],"replies":[{"embeddable":true,"href":"https:\/\/www.uninter.com\/radio\/wp-json\/wp\/v2\/comments?post=33591"}],"version-history":[{"count":1,"href":"https:\/\/www.uninter.com\/radio\/wp-json\/wp\/v2\/posts\/33591\/revisions"}],"predecessor-version":[{"id":33593,"href":"https:\/\/www.uninter.com\/radio\/wp-json\/wp\/v2\/posts\/33591\/revisions\/33593"}],"wp:featuredmedia":[{"embeddable":true,"href":"https:\/\/www.uninter.com\/radio\/wp-json\/wp\/v2\/media\/31088"}],"wp:attachment":[{"href":"https:\/\/www.uninter.com\/radio\/wp-json\/wp\/v2\/media?parent=33591"}],"wp:term":[{"taxonomy":"category","embeddable":true,"href":"https:\/\/www.uninter.com\/radio\/wp-json\/wp\/v2\/categories?post=33591"},{"taxonomy":"post_tag","embeddable":true,"href":"https:\/\/www.uninter.com\/radio\/wp-json\/wp\/v2\/tags?post=33591"}],"curies":[{"name":"wp","href":"https:\/\/api.w.org\/{rel}","templated":true}]}}