{"id":33573,"date":"2022-06-09T11:08:29","date_gmt":"2022-06-09T14:08:29","guid":{"rendered":"https:\/\/www.uninter.com\/radio\/?p=33573"},"modified":"2022-06-09T11:08:30","modified_gmt":"2022-06-09T14:08:30","slug":"brasil-nosso-pais-em-transformacao-56","status":"publish","type":"post","link":"https:\/\/www.uninter.com\/radio\/brasil-nosso-pais-em-transformacao-56","title":{"rendered":"Brasil: nosso pa\u00eds em transforma\u00e7\u00e3o #56"},"content":{"rendered":"\n<figure class=\"wp-block-audio\"><audio controls src=\"https:\/\/www.uninter.com\/radio\/wp-content\/uploads\/2022\/06\/sua-saude-08_06_2022-1.mp3\"><\/audio><\/figure>\n\n\n\n<p>Em comemora\u00e7\u00e3o aos 50 anos do Programa das Na\u00e7\u00f5es Unidas para o Meio Ambiente (PNUMA), idealizado em 1972 com o objetivo de enfrentar os desafios ambientais do planeta, a entidade promoveu uma sess\u00e3o especial on-line da Assembleia das Na\u00e7\u00f5es Unidas para o Meio Ambiente (UNEA) em Nair\u00f3bi, Qu\u00eania, entre os dias 3 e 4 de mar\u00e7o de 2022. <\/p>\n\n\n\n<p>No dia 5 de junho tamb\u00e9m \u00e9 comemorado o Dia Mundial do Meio Ambiente. As professoras de cursos de p\u00f3s-gradua\u00e7\u00e3o da Uninter do Meio Ambiente M\u00e1rcia Kravetz e Sandra Maria Lopes de Souza debatem sobre o assunto. <\/p>\n","protected":false},"excerpt":{"rendered":"<p>Em comemora\u00e7\u00e3o aos 50 anos do Programa das Na\u00e7\u00f5es Unidas para o Meio Ambiente (PNUMA),&#8230;<\/p>\n","protected":false},"author":3,"featured_media":30512,"comment_status":"open","ping_status":"open","sticky":false,"template":"","format":"standard","meta":[],"categories":[2717],"tags":[],"_links":{"self":[{"href":"https:\/\/www.uninter.com\/radio\/wp-json\/wp\/v2\/posts\/33573"}],"collection":[{"href":"https:\/\/www.uninter.com\/radio\/wp-json\/wp\/v2\/posts"}],"about":[{"href":"https:\/\/www.uninter.com\/radio\/wp-json\/wp\/v2\/types\/post"}],"author":[{"embeddable":true,"href":"https:\/\/www.uninter.com\/radio\/wp-json\/wp\/v2\/users\/3"}],"replies":[{"embeddable":true,"href":"https:\/\/www.uninter.com\/radio\/wp-json\/wp\/v2\/comments?post=33573"}],"version-history":[{"count":1,"href":"https:\/\/www.uninter.com\/radio\/wp-json\/wp\/v2\/posts\/33573\/revisions"}],"predecessor-version":[{"id":33575,"href":"https:\/\/www.uninter.com\/radio\/wp-json\/wp\/v2\/posts\/33573\/revisions\/33575"}],"wp:featuredmedia":[{"embeddable":true,"href":"https:\/\/www.uninter.com\/radio\/wp-json\/wp\/v2\/media\/30512"}],"wp:attachment":[{"href":"https:\/\/www.uninter.com\/radio\/wp-json\/wp\/v2\/media?parent=33573"}],"wp:term":[{"taxonomy":"category","embeddable":true,"href":"https:\/\/www.uninter.com\/radio\/wp-json\/wp\/v2\/categories?post=33573"},{"taxonomy":"post_tag","embeddable":true,"href":"https:\/\/www.uninter.com\/radio\/wp-json\/wp\/v2\/tags?post=33573"}],"curies":[{"name":"wp","href":"https:\/\/api.w.org\/{rel}","templated":true}]}}