{"id":33558,"date":"2022-06-07T14:44:30","date_gmt":"2022-06-07T17:44:30","guid":{"rendered":"https:\/\/www.uninter.com\/radio\/?p=33558"},"modified":"2022-06-07T14:44:31","modified_gmt":"2022-06-07T17:44:31","slug":"uninter-informa-03-2022","status":"publish","type":"post","link":"https:\/\/www.uninter.com\/radio\/uninter-informa-03-2022","title":{"rendered":"Uninter Informa #03.2022"},"content":{"rendered":"\n<figure class=\"wp-block-audio\"><audio controls src=\"https:\/\/www.uninter.com\/radio\/wp-content\/uploads\/2022\/06\/Uninter-Informa.mp3\"><\/audio><\/figure>\n\n\n\n<p>Ap\u00f3s dois anos sendo gravado, o Uninter Informa est\u00e1 de volta com as transmiss\u00f5es ao vivo. Apresentado por Renata Cristina, a nova edi\u00e7\u00e3o est\u00e1 dispon\u00edvel.<\/p>\n","protected":false},"excerpt":{"rendered":"<p>Ap\u00f3s dois anos sendo gravado, o Uninter Informa est\u00e1 de volta com as transmiss\u00f5es ao&#8230;<\/p>\n","protected":false},"author":3,"featured_media":31197,"comment_status":"open","ping_status":"open","sticky":false,"template":"","format":"standard","meta":[],"categories":[2747],"tags":[],"_links":{"self":[{"href":"https:\/\/www.uninter.com\/radio\/wp-json\/wp\/v2\/posts\/33558"}],"collection":[{"href":"https:\/\/www.uninter.com\/radio\/wp-json\/wp\/v2\/posts"}],"about":[{"href":"https:\/\/www.uninter.com\/radio\/wp-json\/wp\/v2\/types\/post"}],"author":[{"embeddable":true,"href":"https:\/\/www.uninter.com\/radio\/wp-json\/wp\/v2\/users\/3"}],"replies":[{"embeddable":true,"href":"https:\/\/www.uninter.com\/radio\/wp-json\/wp\/v2\/comments?post=33558"}],"version-history":[{"count":1,"href":"https:\/\/www.uninter.com\/radio\/wp-json\/wp\/v2\/posts\/33558\/revisions"}],"predecessor-version":[{"id":33560,"href":"https:\/\/www.uninter.com\/radio\/wp-json\/wp\/v2\/posts\/33558\/revisions\/33560"}],"wp:featuredmedia":[{"embeddable":true,"href":"https:\/\/www.uninter.com\/radio\/wp-json\/wp\/v2\/media\/31197"}],"wp:attachment":[{"href":"https:\/\/www.uninter.com\/radio\/wp-json\/wp\/v2\/media?parent=33558"}],"wp:term":[{"taxonomy":"category","embeddable":true,"href":"https:\/\/www.uninter.com\/radio\/wp-json\/wp\/v2\/categories?post=33558"},{"taxonomy":"post_tag","embeddable":true,"href":"https:\/\/www.uninter.com\/radio\/wp-json\/wp\/v2\/tags?post=33558"}],"curies":[{"name":"wp","href":"https:\/\/api.w.org\/{rel}","templated":true}]}}