{"id":33555,"date":"2022-06-07T14:41:14","date_gmt":"2022-06-07T17:41:14","guid":{"rendered":"https:\/\/www.uninter.com\/radio\/?p=33555"},"modified":"2022-06-07T14:41:15","modified_gmt":"2022-06-07T17:41:15","slug":"inclusao-em-rede-73","status":"publish","type":"post","link":"https:\/\/www.uninter.com\/radio\/inclusao-em-rede-73","title":{"rendered":"Inclus\u00e3o em Rede #73"},"content":{"rendered":"\n<figure class=\"wp-block-audio\"><audio controls src=\"https:\/\/www.uninter.com\/radio\/wp-content\/uploads\/2022\/06\/inclusao-em-rede-03_06_2022.mp3\"><\/audio><\/figure>\n\n\n\n<p>O Inclus\u00e3o em Rede fala sore a educa\u00e7\u00e3o inclusiva e o paradesporto para pessoas cegas.<\/p>\n\n\n\n<p>Quem vai esclarecer o assunto \u00e9 a especialista em educa\u00e7\u00e3o f\u00edsica adaptada e educa\u00e7\u00e3o especial, N\u00e1gila Edilamar Vieira.<\/p>\n","protected":false},"excerpt":{"rendered":"<p>O Inclus\u00e3o em Rede fala sore a educa\u00e7\u00e3o inclusiva e o paradesporto para pessoas cegas&#8230;.<\/p>\n","protected":false},"author":3,"featured_media":31105,"comment_status":"open","ping_status":"open","sticky":false,"template":"","format":"standard","meta":[],"categories":[2727],"tags":[],"_links":{"self":[{"href":"https:\/\/www.uninter.com\/radio\/wp-json\/wp\/v2\/posts\/33555"}],"collection":[{"href":"https:\/\/www.uninter.com\/radio\/wp-json\/wp\/v2\/posts"}],"about":[{"href":"https:\/\/www.uninter.com\/radio\/wp-json\/wp\/v2\/types\/post"}],"author":[{"embeddable":true,"href":"https:\/\/www.uninter.com\/radio\/wp-json\/wp\/v2\/users\/3"}],"replies":[{"embeddable":true,"href":"https:\/\/www.uninter.com\/radio\/wp-json\/wp\/v2\/comments?post=33555"}],"version-history":[{"count":1,"href":"https:\/\/www.uninter.com\/radio\/wp-json\/wp\/v2\/posts\/33555\/revisions"}],"predecessor-version":[{"id":33557,"href":"https:\/\/www.uninter.com\/radio\/wp-json\/wp\/v2\/posts\/33555\/revisions\/33557"}],"wp:featuredmedia":[{"embeddable":true,"href":"https:\/\/www.uninter.com\/radio\/wp-json\/wp\/v2\/media\/31105"}],"wp:attachment":[{"href":"https:\/\/www.uninter.com\/radio\/wp-json\/wp\/v2\/media?parent=33555"}],"wp:term":[{"taxonomy":"category","embeddable":true,"href":"https:\/\/www.uninter.com\/radio\/wp-json\/wp\/v2\/categories?post=33555"},{"taxonomy":"post_tag","embeddable":true,"href":"https:\/\/www.uninter.com\/radio\/wp-json\/wp\/v2\/tags?post=33555"}],"curies":[{"name":"wp","href":"https:\/\/api.w.org\/{rel}","templated":true}]}}