{"id":33527,"date":"2022-06-01T10:06:52","date_gmt":"2022-06-01T13:06:52","guid":{"rendered":"https:\/\/www.uninter.com\/radio\/?p=33527"},"modified":"2022-06-01T10:06:52","modified_gmt":"2022-06-01T13:06:52","slug":"estacao-sustentavel-24","status":"publish","type":"post","link":"https:\/\/www.uninter.com\/radio\/estacao-sustentavel-24","title":{"rendered":"Esta\u00e7\u00e3o Sustent\u00e1vel #24"},"content":{"rendered":"\n<figure class=\"wp-block-audio\"><audio controls src=\"https:\/\/www.uninter.com\/radio\/wp-content\/uploads\/2022\/06\/estacao-sustentavel-30_05_2022.mp3\"><\/audio><\/figure>\n\n\n\n<p>O manguezal \u00e9 um ecossistema caracter\u00edstico de regi\u00f5es tropicais e subtropicais, sujeito ao regime das mar\u00e9s.<\/p>\n\n\n\n<p>O Esta\u00e7\u00e3o Sustent\u00e1vel fala sobre a import\u00e2ncia da conserva\u00e7\u00e3o dos manguezais, e para falar sobre o assunto, recebemos os professores Andr\u00e9 Maciel Pelanda e Jo\u00e3o Andr\u00e9 Martinson Salesbram.<\/p>\n","protected":false},"excerpt":{"rendered":"<p>O manguezal \u00e9 um ecossistema caracter\u00edstico de regi\u00f5es tropicais e subtropicais, sujeito ao regime das&#8230;<\/p>\n","protected":false},"author":3,"featured_media":30524,"comment_status":"open","ping_status":"open","sticky":false,"template":"","format":"standard","meta":[],"categories":[2705],"tags":[],"_links":{"self":[{"href":"https:\/\/www.uninter.com\/radio\/wp-json\/wp\/v2\/posts\/33527"}],"collection":[{"href":"https:\/\/www.uninter.com\/radio\/wp-json\/wp\/v2\/posts"}],"about":[{"href":"https:\/\/www.uninter.com\/radio\/wp-json\/wp\/v2\/types\/post"}],"author":[{"embeddable":true,"href":"https:\/\/www.uninter.com\/radio\/wp-json\/wp\/v2\/users\/3"}],"replies":[{"embeddable":true,"href":"https:\/\/www.uninter.com\/radio\/wp-json\/wp\/v2\/comments?post=33527"}],"version-history":[{"count":1,"href":"https:\/\/www.uninter.com\/radio\/wp-json\/wp\/v2\/posts\/33527\/revisions"}],"predecessor-version":[{"id":33529,"href":"https:\/\/www.uninter.com\/radio\/wp-json\/wp\/v2\/posts\/33527\/revisions\/33529"}],"wp:featuredmedia":[{"embeddable":true,"href":"https:\/\/www.uninter.com\/radio\/wp-json\/wp\/v2\/media\/30524"}],"wp:attachment":[{"href":"https:\/\/www.uninter.com\/radio\/wp-json\/wp\/v2\/media?parent=33527"}],"wp:term":[{"taxonomy":"category","embeddable":true,"href":"https:\/\/www.uninter.com\/radio\/wp-json\/wp\/v2\/categories?post=33527"},{"taxonomy":"post_tag","embeddable":true,"href":"https:\/\/www.uninter.com\/radio\/wp-json\/wp\/v2\/tags?post=33527"}],"curies":[{"name":"wp","href":"https:\/\/api.w.org\/{rel}","templated":true}]}}