{"id":33521,"date":"2022-05-31T10:33:35","date_gmt":"2022-05-31T13:33:35","guid":{"rendered":"https:\/\/www.uninter.com\/radio\/?p=33521"},"modified":"2022-05-31T10:33:36","modified_gmt":"2022-05-31T13:33:36","slug":"inclusao-em-rede-72","status":"publish","type":"post","link":"https:\/\/www.uninter.com\/radio\/inclusao-em-rede-72","title":{"rendered":"Inclus\u00e3o em Rede #72"},"content":{"rendered":"\n<figure class=\"wp-block-audio\"><audio controls src=\"https:\/\/www.uninter.com\/radio\/wp-content\/uploads\/2022\/05\/inclusao-em-rede-27_05_2022.mp3\"><\/audio><\/figure>\n\n\n\n<p>O Inclus\u00e3o em Rede fala sobre a educa\u00e7\u00e3o f\u00edsica e a sua import\u00e2ncia na educa\u00e7\u00e3o especial.<\/p>\n\n\n\n<p>Para o bate-papo recebemos a Bacharel em Educa\u00e7\u00e3o F\u00edsica, Mestre em Ci\u00eancias da Motricidade e Doutora em Ci\u00eancias da Sa\u00fade, Tatiane Calve.<\/p>\n","protected":false},"excerpt":{"rendered":"<p>O Inclus\u00e3o em Rede fala sobre a educa\u00e7\u00e3o f\u00edsica e a sua import\u00e2ncia na educa\u00e7\u00e3o&#8230;<\/p>\n","protected":false},"author":3,"featured_media":31105,"comment_status":"open","ping_status":"open","sticky":false,"template":"","format":"standard","meta":[],"categories":[2727],"tags":[],"_links":{"self":[{"href":"https:\/\/www.uninter.com\/radio\/wp-json\/wp\/v2\/posts\/33521"}],"collection":[{"href":"https:\/\/www.uninter.com\/radio\/wp-json\/wp\/v2\/posts"}],"about":[{"href":"https:\/\/www.uninter.com\/radio\/wp-json\/wp\/v2\/types\/post"}],"author":[{"embeddable":true,"href":"https:\/\/www.uninter.com\/radio\/wp-json\/wp\/v2\/users\/3"}],"replies":[{"embeddable":true,"href":"https:\/\/www.uninter.com\/radio\/wp-json\/wp\/v2\/comments?post=33521"}],"version-history":[{"count":1,"href":"https:\/\/www.uninter.com\/radio\/wp-json\/wp\/v2\/posts\/33521\/revisions"}],"predecessor-version":[{"id":33523,"href":"https:\/\/www.uninter.com\/radio\/wp-json\/wp\/v2\/posts\/33521\/revisions\/33523"}],"wp:featuredmedia":[{"embeddable":true,"href":"https:\/\/www.uninter.com\/radio\/wp-json\/wp\/v2\/media\/31105"}],"wp:attachment":[{"href":"https:\/\/www.uninter.com\/radio\/wp-json\/wp\/v2\/media?parent=33521"}],"wp:term":[{"taxonomy":"category","embeddable":true,"href":"https:\/\/www.uninter.com\/radio\/wp-json\/wp\/v2\/categories?post=33521"},{"taxonomy":"post_tag","embeddable":true,"href":"https:\/\/www.uninter.com\/radio\/wp-json\/wp\/v2\/tags?post=33521"}],"curies":[{"name":"wp","href":"https:\/\/api.w.org\/{rel}","templated":true}]}}