{"id":33515,"date":"2022-05-31T10:26:42","date_gmt":"2022-05-31T13:26:42","guid":{"rendered":"https:\/\/www.uninter.com\/radio\/?p=33515"},"modified":"2022-05-31T10:26:42","modified_gmt":"2022-05-31T13:26:42","slug":"transito-e-mobilidade-40","status":"publish","type":"post","link":"https:\/\/www.uninter.com\/radio\/transito-e-mobilidade-40","title":{"rendered":"Tr\u00e2nsito e Mobilidade #40"},"content":{"rendered":"\n<figure class=\"wp-block-audio\"><audio controls src=\"https:\/\/www.uninter.com\/radio\/wp-content\/uploads\/2022\/05\/transito-e-mobilidade-27_05_2022.mp3\"><\/audio><\/figure>\n\n\n\n<p>Nessa edi\u00e7\u00e3o do Tr\u00e2nsito e Mobilidade vamos falar sobre as a\u00e7\u00f5es e as expectativas do Maio Amarelo 2022. A conversa \u00e9 com os professores Gerson Luiz Buczenko e Valdilson Ap. Lopes.<\/p>\n","protected":false},"excerpt":{"rendered":"<p>Nessa edi\u00e7\u00e3o do Tr\u00e2nsito e Mobilidade vamos falar sobre as a\u00e7\u00f5es e as expectativas do&#8230;<\/p>\n","protected":false},"author":3,"featured_media":31097,"comment_status":"open","ping_status":"open","sticky":false,"template":"","format":"standard","meta":[],"categories":[2718],"tags":[],"_links":{"self":[{"href":"https:\/\/www.uninter.com\/radio\/wp-json\/wp\/v2\/posts\/33515"}],"collection":[{"href":"https:\/\/www.uninter.com\/radio\/wp-json\/wp\/v2\/posts"}],"about":[{"href":"https:\/\/www.uninter.com\/radio\/wp-json\/wp\/v2\/types\/post"}],"author":[{"embeddable":true,"href":"https:\/\/www.uninter.com\/radio\/wp-json\/wp\/v2\/users\/3"}],"replies":[{"embeddable":true,"href":"https:\/\/www.uninter.com\/radio\/wp-json\/wp\/v2\/comments?post=33515"}],"version-history":[{"count":1,"href":"https:\/\/www.uninter.com\/radio\/wp-json\/wp\/v2\/posts\/33515\/revisions"}],"predecessor-version":[{"id":33517,"href":"https:\/\/www.uninter.com\/radio\/wp-json\/wp\/v2\/posts\/33515\/revisions\/33517"}],"wp:featuredmedia":[{"embeddable":true,"href":"https:\/\/www.uninter.com\/radio\/wp-json\/wp\/v2\/media\/31097"}],"wp:attachment":[{"href":"https:\/\/www.uninter.com\/radio\/wp-json\/wp\/v2\/media?parent=33515"}],"wp:term":[{"taxonomy":"category","embeddable":true,"href":"https:\/\/www.uninter.com\/radio\/wp-json\/wp\/v2\/categories?post=33515"},{"taxonomy":"post_tag","embeddable":true,"href":"https:\/\/www.uninter.com\/radio\/wp-json\/wp\/v2\/tags?post=33515"}],"curies":[{"name":"wp","href":"https:\/\/api.w.org\/{rel}","templated":true}]}}