{"id":33449,"date":"2022-05-18T09:08:27","date_gmt":"2022-05-18T12:08:27","guid":{"rendered":"https:\/\/www.uninter.com\/radio\/?p=33449"},"modified":"2022-05-18T09:08:28","modified_gmt":"2022-05-18T12:08:28","slug":"fala-prof-25","status":"publish","type":"post","link":"https:\/\/www.uninter.com\/radio\/fala-prof-25","title":{"rendered":"Fala Prof! #25"},"content":{"rendered":"\n<figure class=\"wp-block-audio\"><audio controls src=\"https:\/\/www.uninter.com\/radio\/wp-content\/uploads\/2022\/05\/fala-prof-17_05_2022-online-audio-converter.com_.mp3\"><\/audio><\/figure>\n\n\n\n<p>\u00c9 frequente vermos na m\u00eddia falar sobre diversidade sexual e de g\u00eanero, mas ser\u00e1 que realmente sabemos sobre o que se trata? Discrimina\u00e7\u00e3o, preconceito e \u201cdesinforma\u00e7\u00e3o\u201d nos rodeiam o tempo todo, \u00e9 importante conhecermos sobre o assunto para que n\u00e3o caiamos em ciladas do senso comum. <\/p>\n\n\n\n<p>Falamos sobre este tema no Fala Prof! de maio, e para enriquecer nossa conversa e trazer esclarecimentos valios\u00edssimos, contaremos com a participa\u00e7\u00e3o especial do Prof\u00b0 Dr. Toni Reis, ativista da causa LGBTI e grande estudioso da tem\u00e1tica. A apresenta\u00e7\u00e3o \u00e9 das professoras Talita Cabral e Relly Amaral.<\/p>\n","protected":false},"excerpt":{"rendered":"<p>\u00c9 frequente vermos na m\u00eddia falar sobre diversidade sexual e de g\u00eanero, mas ser\u00e1 que&#8230;<\/p>\n","protected":false},"author":3,"featured_media":30526,"comment_status":"open","ping_status":"open","sticky":false,"template":"","format":"standard","meta":[],"categories":[2763],"tags":[],"_links":{"self":[{"href":"https:\/\/www.uninter.com\/radio\/wp-json\/wp\/v2\/posts\/33449"}],"collection":[{"href":"https:\/\/www.uninter.com\/radio\/wp-json\/wp\/v2\/posts"}],"about":[{"href":"https:\/\/www.uninter.com\/radio\/wp-json\/wp\/v2\/types\/post"}],"author":[{"embeddable":true,"href":"https:\/\/www.uninter.com\/radio\/wp-json\/wp\/v2\/users\/3"}],"replies":[{"embeddable":true,"href":"https:\/\/www.uninter.com\/radio\/wp-json\/wp\/v2\/comments?post=33449"}],"version-history":[{"count":1,"href":"https:\/\/www.uninter.com\/radio\/wp-json\/wp\/v2\/posts\/33449\/revisions"}],"predecessor-version":[{"id":33451,"href":"https:\/\/www.uninter.com\/radio\/wp-json\/wp\/v2\/posts\/33449\/revisions\/33451"}],"wp:featuredmedia":[{"embeddable":true,"href":"https:\/\/www.uninter.com\/radio\/wp-json\/wp\/v2\/media\/30526"}],"wp:attachment":[{"href":"https:\/\/www.uninter.com\/radio\/wp-json\/wp\/v2\/media?parent=33449"}],"wp:term":[{"taxonomy":"category","embeddable":true,"href":"https:\/\/www.uninter.com\/radio\/wp-json\/wp\/v2\/categories?post=33449"},{"taxonomy":"post_tag","embeddable":true,"href":"https:\/\/www.uninter.com\/radio\/wp-json\/wp\/v2\/tags?post=33449"}],"curies":[{"name":"wp","href":"https:\/\/api.w.org\/{rel}","templated":true}]}}