{"id":33434,"date":"2022-05-16T15:15:28","date_gmt":"2022-05-16T18:15:28","guid":{"rendered":"https:\/\/www.uninter.com\/radio\/?p=33434"},"modified":"2022-05-16T15:15:29","modified_gmt":"2022-05-16T18:15:29","slug":"transito-e-mobilidade-39","status":"publish","type":"post","link":"https:\/\/www.uninter.com\/radio\/transito-e-mobilidade-39","title":{"rendered":"Tr\u00e2nsito e Mobilidade #39"},"content":{"rendered":"\n<figure class=\"wp-block-audio\"><audio controls src=\"https:\/\/www.uninter.com\/radio\/wp-content\/uploads\/2022\/05\/transito-e-mobilidade-13_05_2022.mp3\"><\/audio><\/figure>\n\n\n\n<p>No Tr\u00e2nsito e Mobilidade discutimos a import\u00e2ncia de conhecer a legisla\u00e7\u00e3o pertinente a fun\u00e7\u00e3o do gestor de tr\u00e2nsito.<\/p>\n\n\n\n<p>Para esclarecer o assunto, Valdilson Lopes e Gerson Buczenko receberam o especialista em Meio Ambiente, Gest\u00e3o e Seguran\u00e7a de Tr\u00e2nsito, Emerson Andrade.<\/p>\n","protected":false},"excerpt":{"rendered":"<p>No Tr\u00e2nsito e Mobilidade discutimos a import\u00e2ncia de conhecer a legisla\u00e7\u00e3o pertinente a fun\u00e7\u00e3o do&#8230;<\/p>\n","protected":false},"author":3,"featured_media":31097,"comment_status":"open","ping_status":"open","sticky":false,"template":"","format":"standard","meta":[],"categories":[2718],"tags":[],"_links":{"self":[{"href":"https:\/\/www.uninter.com\/radio\/wp-json\/wp\/v2\/posts\/33434"}],"collection":[{"href":"https:\/\/www.uninter.com\/radio\/wp-json\/wp\/v2\/posts"}],"about":[{"href":"https:\/\/www.uninter.com\/radio\/wp-json\/wp\/v2\/types\/post"}],"author":[{"embeddable":true,"href":"https:\/\/www.uninter.com\/radio\/wp-json\/wp\/v2\/users\/3"}],"replies":[{"embeddable":true,"href":"https:\/\/www.uninter.com\/radio\/wp-json\/wp\/v2\/comments?post=33434"}],"version-history":[{"count":1,"href":"https:\/\/www.uninter.com\/radio\/wp-json\/wp\/v2\/posts\/33434\/revisions"}],"predecessor-version":[{"id":33436,"href":"https:\/\/www.uninter.com\/radio\/wp-json\/wp\/v2\/posts\/33434\/revisions\/33436"}],"wp:featuredmedia":[{"embeddable":true,"href":"https:\/\/www.uninter.com\/radio\/wp-json\/wp\/v2\/media\/31097"}],"wp:attachment":[{"href":"https:\/\/www.uninter.com\/radio\/wp-json\/wp\/v2\/media?parent=33434"}],"wp:term":[{"taxonomy":"category","embeddable":true,"href":"https:\/\/www.uninter.com\/radio\/wp-json\/wp\/v2\/categories?post=33434"},{"taxonomy":"post_tag","embeddable":true,"href":"https:\/\/www.uninter.com\/radio\/wp-json\/wp\/v2\/tags?post=33434"}],"curies":[{"name":"wp","href":"https:\/\/api.w.org\/{rel}","templated":true}]}}