{"id":33424,"date":"2022-05-16T12:14:51","date_gmt":"2022-05-16T15:14:51","guid":{"rendered":"https:\/\/www.uninter.com\/radio\/?p=33424"},"modified":"2022-05-16T12:14:52","modified_gmt":"2022-05-16T15:14:52","slug":"conversa-com-o-reitor-88","status":"publish","type":"post","link":"https:\/\/www.uninter.com\/radio\/conversa-com-o-reitor-88","title":{"rendered":"Conversa com o reitor #88"},"content":{"rendered":"\n<figure class=\"wp-block-audio\"><audio controls src=\"https:\/\/www.uninter.com\/radio\/wp-content\/uploads\/2022\/05\/conversa-com-o-reitor-13_05_2022-online-audio-converter.com_.mp3\"><\/audio><\/figure>\n\n\n\n<p>O Conversa com o Reitor apresenta mais dois cursos da Uninter que conquistaram a nota m\u00e1xima no Minist\u00e9rio da Educa\u00e7\u00e3o.<\/p>\n\n\n\n<p>Benhur Gaio recebe os coordenadores Alexandre Correia (Publicidade e Propaganda) e Renata Garbossa (Geografia), a estudante de Geografia Karyn Teixeira e a egressa Publicidade e Propaganda Diane Gardim para o bate-papo.<\/p>\n","protected":false},"excerpt":{"rendered":"<p>O Conversa com o Reitor apresenta mais dois cursos da Uninter que conquistaram a nota&#8230;<\/p>\n","protected":false},"author":3,"featured_media":31088,"comment_status":"open","ping_status":"open","sticky":false,"template":"","format":"standard","meta":[],"categories":[2724],"tags":[],"_links":{"self":[{"href":"https:\/\/www.uninter.com\/radio\/wp-json\/wp\/v2\/posts\/33424"}],"collection":[{"href":"https:\/\/www.uninter.com\/radio\/wp-json\/wp\/v2\/posts"}],"about":[{"href":"https:\/\/www.uninter.com\/radio\/wp-json\/wp\/v2\/types\/post"}],"author":[{"embeddable":true,"href":"https:\/\/www.uninter.com\/radio\/wp-json\/wp\/v2\/users\/3"}],"replies":[{"embeddable":true,"href":"https:\/\/www.uninter.com\/radio\/wp-json\/wp\/v2\/comments?post=33424"}],"version-history":[{"count":1,"href":"https:\/\/www.uninter.com\/radio\/wp-json\/wp\/v2\/posts\/33424\/revisions"}],"predecessor-version":[{"id":33426,"href":"https:\/\/www.uninter.com\/radio\/wp-json\/wp\/v2\/posts\/33424\/revisions\/33426"}],"wp:featuredmedia":[{"embeddable":true,"href":"https:\/\/www.uninter.com\/radio\/wp-json\/wp\/v2\/media\/31088"}],"wp:attachment":[{"href":"https:\/\/www.uninter.com\/radio\/wp-json\/wp\/v2\/media?parent=33424"}],"wp:term":[{"taxonomy":"category","embeddable":true,"href":"https:\/\/www.uninter.com\/radio\/wp-json\/wp\/v2\/categories?post=33424"},{"taxonomy":"post_tag","embeddable":true,"href":"https:\/\/www.uninter.com\/radio\/wp-json\/wp\/v2\/tags?post=33424"}],"curies":[{"name":"wp","href":"https:\/\/api.w.org\/{rel}","templated":true}]}}