{"id":33355,"date":"2022-05-10T15:20:56","date_gmt":"2022-05-10T18:20:56","guid":{"rendered":"https:\/\/www.uninter.com\/radio\/?p=33355"},"modified":"2022-05-10T15:20:56","modified_gmt":"2022-05-10T18:20:56","slug":"meia-hora-de-qualidade-7","status":"publish","type":"post","link":"https:\/\/www.uninter.com\/radio\/meia-hora-de-qualidade-7","title":{"rendered":"Meia hora de Qualidade #7"},"content":{"rendered":"\n<figure class=\"wp-block-audio\"><audio controls src=\"https:\/\/www.uninter.com\/radio\/wp-content\/uploads\/2022\/05\/meia-hora-04_05_2022.mp3\"><\/audio><\/figure>\n\n\n\n<p>Continuando nossa s\u00e9rie sobre polos, nossa Meia hora de Qualidade fala sobre a import\u00e2ncia do Polo de Apoio Presencial no desenvolvimento regional.<\/p>\n\n\n\n<p>Para o bate-papo, Edvaldo Junior recebe Gicele Aparecida, gestora dos polos de Rio Negro, Itaiop\u00f3lis e NAC Mafra, e tamb\u00e9m Pablo Palmeirim, dos polos de Macap\u00e1 e Afu\u00e1.<\/p>\n","protected":false},"excerpt":{"rendered":"<p>Continuando nossa s\u00e9rie sobre polos, nossa Meia hora de Qualidade fala sobre a import\u00e2ncia do&#8230;<\/p>\n","protected":false},"author":3,"featured_media":33113,"comment_status":"open","ping_status":"open","sticky":false,"template":"","format":"standard","meta":[],"categories":[2780],"tags":[],"_links":{"self":[{"href":"https:\/\/www.uninter.com\/radio\/wp-json\/wp\/v2\/posts\/33355"}],"collection":[{"href":"https:\/\/www.uninter.com\/radio\/wp-json\/wp\/v2\/posts"}],"about":[{"href":"https:\/\/www.uninter.com\/radio\/wp-json\/wp\/v2\/types\/post"}],"author":[{"embeddable":true,"href":"https:\/\/www.uninter.com\/radio\/wp-json\/wp\/v2\/users\/3"}],"replies":[{"embeddable":true,"href":"https:\/\/www.uninter.com\/radio\/wp-json\/wp\/v2\/comments?post=33355"}],"version-history":[{"count":1,"href":"https:\/\/www.uninter.com\/radio\/wp-json\/wp\/v2\/posts\/33355\/revisions"}],"predecessor-version":[{"id":33357,"href":"https:\/\/www.uninter.com\/radio\/wp-json\/wp\/v2\/posts\/33355\/revisions\/33357"}],"wp:featuredmedia":[{"embeddable":true,"href":"https:\/\/www.uninter.com\/radio\/wp-json\/wp\/v2\/media\/33113"}],"wp:attachment":[{"href":"https:\/\/www.uninter.com\/radio\/wp-json\/wp\/v2\/media?parent=33355"}],"wp:term":[{"taxonomy":"category","embeddable":true,"href":"https:\/\/www.uninter.com\/radio\/wp-json\/wp\/v2\/categories?post=33355"},{"taxonomy":"post_tag","embeddable":true,"href":"https:\/\/www.uninter.com\/radio\/wp-json\/wp\/v2\/tags?post=33355"}],"curies":[{"name":"wp","href":"https:\/\/api.w.org\/{rel}","templated":true}]}}